{"id":50,"date":"2025-06-01T14:18:21","date_gmt":"2025-06-01T12:18:21","guid":{"rendered":"https:\/\/centrumsamopomocy.pl\/latarnik\/?p=50"},"modified":"2025-06-01T14:18:21","modified_gmt":"2025-06-01T12:18:21","slug":"nabor-do-pracowni-latarnik","status":"publish","type":"post","link":"https:\/\/centrumsamopomocy.pl\/latarnik\/?p=50","title":{"rendered":"Nab\u00f3r do Pracowni Latarnik"},"content":{"rendered":"\n<p><strong>Je\u015bli tu trafi\u0142a\u015b\/e\u015b*, to prawdopodobnie tworzysz: piszesz teksty, pos\u0142ugujesz si\u0119 obrazem wideo, fotografi\u0105, grafik\u0105, opisujesz \u015bwiat d\u017awi\u0119kiem.<\/strong><\/p>\n\n\n\n<p>Zapraszamy Ci\u0119 do wype\u0142niania razem z nami tre\u015bci\u0105 multimedialn\u0105 portalu internetowego i social medi\u00f3w oraz tworzenia kampanii spo\u0142ecznych. B\u0119dziemy pos\u0142ugiwa\u0107 si\u0119 r\u00f3\u017cnymi gatunkami i technikami: artyku\u0142ami, felietonami, reporta\u017cami, wywiadami, filmami poklatkowymi, podcastami, poczt\u00f3wkami d\u017awi\u0119kowymi itp. B\u0119dziemy si\u0119 zastanawia\u0107, w jaki spos\u00f3b dotrze\u0107 do r\u00f3\u017cnych odbiorc\u00f3w, jakie tematy porusza\u0107, jak dobiera\u0107 metody adekwatne do celu. Wsp\u00f3lnie \u2013 opieraj\u0105c si\u0119 na swoich umiej\u0119tno\u015bciach, do\u015bwiadczeniach, wyobra\u017ani. A, by robi\u0107 to dobrze, b\u0119dziemy rozwija\u0107 sw\u00f3j warsztat, szkoli\u0107 si\u0119 (by\u0107 mo\u017ce wzajemnie) z zakresu r\u00f3\u017cnych \u015brodk\u00f3w wyrazu i pozyskiwania funduszy na dzia\u0142alno\u015b\u0107.<\/p>\n\n\n\n<p>Je\u015bli chcesz:<\/p>\n\n\n\n<ul class=\"wp-block-list\">\n<li>wzi\u0105\u0107 udzia\u0142 w zespo\u0142owej pracy tw\u00f3rczej,<\/li>\n\n\n\n<li>przekona\u0107 si\u0119, jak wygl\u0105da praca redakcji portalu internetowego,<\/li>\n\n\n\n<li>opanowa\u0107 umiej\u0119tno\u015bci wykorzystywania r\u00f3\u017cnych form dziennikarskich,<\/li>\n\n\n\n<li>oswoi\u0107 si\u0119 z prowadzeniem social medi\u00f3w,<\/li>\n\n\n\n<li>zapozna\u0107 si\u0119 z obs\u0142ug\u0105 program\u00f3w i narz\u0119dzi multimedialnych,<\/li>\n\n\n\n<li>dzieli\u0107 si\u0119 swoj\u0105 wiedz\u0105 i umiej\u0119tno\u015bciami z innymi,<\/li>\n\n\n\n<li>zdoby\u0107 do\u015bwiadczenie, bior\u0105c udzia\u0142 w ciekawym projekcie,<\/li>\n<\/ul>\n\n\n\n<p>\u2026do\u0142\u0105cz na chwil\u0119 lub na sta\u0142e. Profesjonalnie czy nie \u2013 dla nas jest wa\u017cne, \u017ce tworzysz. Poka\u017c nam w jakim stylu. Nie musisz by\u0107 specjalist\u0105, szukamy pasjonat\u00f3w i os\u00f3b, kt\u00f3re anga\u017cuj\u0105 si\u0119 w to, co robi\u0105.<\/p>\n\n\n\n<p>Wybrane osoby zaprosimy do wsp\u00f3\u0142tworzenia naszego pierwszego projektu \u2013 kampanii skierowanej do pracodawc\u00f3w, by zmniejszy\u0107 ich obawy dotycz\u0105ce zatrudniania os\u00f3b z niepe\u0142nosprawno\u015bciami.<\/p>\n\n\n\n<p>Korzystaj\u0105c z szerokiego wachlarza form multimedialnych i dziennikarskich stworzymy materia\u0142y, kt\u00f3re maj\u0105 na celu w nienachlany, ale przekonuj\u0105cy spos\u00f3b poszerzy\u0107 \u015bwiadomo\u015b\u0107 i perspektyw\u0119 os\u00f3b rekrutuj\u0105cych. Naszym celem jest przeciwdzia\u0142anie stygmatyzacji os\u00f3b z niepe\u0142nosprawno\u015bciami, wspieranie i rozpowszechnianie dobrych praktyk firm, kt\u00f3re ju\u017c zatrudniaj\u0105 takie osoby oraz budowanie sieci wsparcia mi\u0119dzy pracodawcami a miejscami, kt\u00f3re pomagaj\u0105 w znalezieniu pracy.<\/p>\n\n\n\n<h2 class=\"wp-block-heading\">Tematy<\/h2>\n\n\n\n<p>Wybierz jeden z temat\u00f3w, nawi\u0105zuj\u0105cych do kwestii zdrowia psychicznego*:<\/p>\n\n\n\n<ol class=\"wp-block-list\">\n<li>Kr\u00f3tka historia zdrowienia.<\/li>\n\n\n\n<li>W\u0142\u0105czajmy!<\/li>\n\n\n\n<li>Mam tak samo jak Ty.<\/li>\n\n\n\n<li>Chora\/y jestem zdrowa\/y.<\/li>\n<\/ol>\n\n\n\n<p><em>* praca nie musi odnosi\u0107 si\u0119 do zakresu dzia\u0142alno\u015bci Centrum Samopomocy w Gdyni<\/em><\/p>\n\n\n\n<h2 class=\"wp-block-heading\">\u015arodki wyrazu<\/h2>\n\n\n\n<p>I wyra\u017a go w formie (lub formach):<\/p>\n\n\n\n<ul class=\"wp-block-list\">\n<li>pisemnej: artyku\u0142u, eseju, felietonu lub wywiadu,<\/li>\n\n\n\n<li>kr\u00f3tkiego filmu,<\/li>\n\n\n\n<li>plakatu lub ilustracji do artyku\u0142u (jeden z temat\u00f3w traktuj\u0105c jako jego tytu\u0142),<\/li>\n\n\n\n<li>reporta\u017cu zdj\u0119ciowego,<\/li>\n\n\n\n<li>poczt\u00f3wki d\u017awi\u0119kowej lub wywiadu w formie nagrania,<\/li>\n<\/ul>\n\n\n\n<p>Szczeg\u00f3\u0142owe wytyczne do poszczeg\u00f3lnych form zamieszczamy w osobnej sekcji poni\u017cej.<\/p>\n\n\n\n<p><em>Udzia\u0142 w projekcie jest nieodp\u0142atny i odbywa si\u0119 na zasadach wolontariatu. Istnieje mo\u017cliwo\u015b\u0107 odbycia praktyk studenckich.<\/em><\/p>\n\n\n\n<p>Prac\u0119 wy\u015blij na adres:<br><a href=\"mailto:m.zaworska@cs-gdynia.pl\">m.zaworska@cs-gdynia.pl<\/a><\/p>\n\n\n\n<p>Prowadzimy nab\u00f3r ci\u0105g\u0142y \u2013 do zespo\u0142u mo\u017cna do\u0142\u0105czy\u0107 w ka\u017cdym momencie.<\/p>\n\n\n\n<p>Przes\u0142ane prace nie b\u0119d\u0105 publikowane bez zgody autor\u00f3w.<\/p>\n\n\n\n<h2 class=\"wp-block-heading\">Kontakt<\/h2>\n\n\n\n<p>W razie pyta\u0144 zach\u0119camy do kontaktu:<\/p>\n\n\n\n<p>Przemys\u0142aw Szczygie\u0142<br><a href=\"mailto:m.zaworska@cs-gdynia.pl\">p.szczygiel@cs-gdynia.pl<\/a><br>tel. 501 282 480<\/p>\n\n\n\n<p><\/p>\n","protected":false},"excerpt":{"rendered":"<p>Je\u015bli tu trafi\u0142a\u015b\/e\u015b*, to prawdopodobnie tworzysz: piszesz teksty, pos\u0142ugujesz si\u0119 obrazem wideo, fotografi\u0105, grafik\u0105, opisujesz \u015bwiat d\u017awi\u0119kiem. Zapraszamy Ci\u0119 do wype\u0142niania razem z nami tre\u015bci\u0105 multimedialn\u0105 portalu internetowego i social medi\u00f3w oraz tworzenia kampanii spo\u0142ecznych. B\u0119dziemy pos\u0142ugiwa\u0107 si\u0119 r\u00f3\u017cnymi gatunkami i technikami: artyku\u0142ami, felietonami, reporta\u017cami, wywiadami, filmami poklatkowymi, podcastami, poczt\u00f3wkami d\u017awi\u0119kowymi itp. B\u0119dziemy si\u0119 zastanawia\u0107, [&hellip;]<\/p>\n","protected":false},"author":1,"featured_media":52,"comment_status":"open","ping_status":"open","sticky":false,"template":"","format":"standard","meta":{"_monsterinsights_skip_tracking":false,"_monsterinsights_sitenote_active":false,"_monsterinsights_sitenote_note":"","_monsterinsights_sitenote_category":0,"footnotes":""},"categories":[1],"tags":[],"class_list":["post-50","post","type-post","status-publish","format-standard","has-post-thumbnail","hentry","category-wszystkie"],"aioseo_notices":[],"magazineBlocksPostFeaturedMedia":{"thumbnail":"https:\/\/centrumsamopomocy.pl\/latarnik\/wp-content\/uploads\/2025\/06\/pexels-fauxels-3184418-150x150.jpg","medium":"https:\/\/centrumsamopomocy.pl\/latarnik\/wp-content\/uploads\/2025\/06\/pexels-fauxels-3184418-300x200.jpg","medium_large":"https:\/\/centrumsamopomocy.pl\/latarnik\/wp-content\/uploads\/2025\/06\/pexels-fauxels-3184418-768x512.jpg","large":"https:\/\/centrumsamopomocy.pl\/latarnik\/wp-content\/uploads\/2025\/06\/pexels-fauxels-3184418-1024x683.jpg","1536x1536":"https:\/\/centrumsamopomocy.pl\/latarnik\/wp-content\/uploads\/2025\/06\/pexels-fauxels-3184418-1536x1024.jpg","2048x2048":"https:\/\/centrumsamopomocy.pl\/latarnik\/wp-content\/uploads\/2025\/06\/pexels-fauxels-3184418-2048x1365.jpg"},"magazineBlocksPostAuthor":{"name":"Pracownia Latarnik","avatar":"https:\/\/secure.gravatar.com\/avatar\/4d57a8b00d097dc665b1acf25e79882e15157ad223521db56d2ecbf772fa5174?s=96&d=mm&r=g"},"magazineBlocksPostCommentsNumber":false,"magazineBlocksPostExcerpt":"Je\u015bli tu trafi\u0142a\u015b\/e\u015b*, to prawdopodobnie tworzysz: piszesz teksty, pos\u0142ugujesz si\u0119 obrazem wideo, fotografi\u0105, grafik\u0105, opisujesz \u015bwiat d\u017awi\u0119kiem. Zapraszamy Ci\u0119 do wype\u0142niania razem z nami tre\u015bci\u0105 multimedialn\u0105 portalu internetowego i social medi\u00f3w oraz tworzenia kampanii spo\u0142ecznych. B\u0119dziemy pos\u0142ugiwa\u0107 si\u0119 r\u00f3\u017cnymi gatunkami i technikami: artyku\u0142ami, felietonami, reporta\u017cami, wywiadami, filmami poklatkowymi, podcastami, poczt\u00f3wkami d\u017awi\u0119kowymi itp. B\u0119dziemy si\u0119 zastanawia\u0107, [&hellip;]","magazineBlocksPostCategories":["Wszystkie"],"magazineBlocksPostViewCount":177,"magazineBlocksPostReadTime":3,"magazine_blocks_featured_image_url":{"full":["https:\/\/centrumsamopomocy.pl\/latarnik\/wp-content\/uploads\/2025\/06\/pexels-fauxels-3184418-scaled.jpg",2560,1707,false],"medium":["https:\/\/centrumsamopomocy.pl\/latarnik\/wp-content\/uploads\/2025\/06\/pexels-fauxels-3184418-300x200.jpg",300,200,true],"thumbnail":["https:\/\/centrumsamopomocy.pl\/latarnik\/wp-content\/uploads\/2025\/06\/pexels-fauxels-3184418-150x150.jpg",150,150,true]},"magazine_blocks_author":{"display_name":"Pracownia Latarnik","author_link":"https:\/\/centrumsamopomocy.pl\/latarnik\/?author=1"},"magazine_blocks_comment":0,"magazine_blocks_author_image":"https:\/\/secure.gravatar.com\/avatar\/4d57a8b00d097dc665b1acf25e79882e15157ad223521db56d2ecbf772fa5174?s=96&d=mm&r=g","magazine_blocks_category":"<a href=\"#\" class=\"category-link category-link-1\">Wszystkie<\/a>","_links":{"self":[{"href":"https:\/\/centrumsamopomocy.pl\/latarnik\/index.php?rest_route=\/wp\/v2\/posts\/50","targetHints":{"allow":["GET"]}}],"collection":[{"href":"https:\/\/centrumsamopomocy.pl\/latarnik\/index.php?rest_route=\/wp\/v2\/posts"}],"about":[{"href":"https:\/\/centrumsamopomocy.pl\/latarnik\/index.php?rest_route=\/wp\/v2\/types\/post"}],"author":[{"embeddable":true,"href":"https:\/\/centrumsamopomocy.pl\/latarnik\/index.php?rest_route=\/wp\/v2\/users\/1"}],"replies":[{"embeddable":true,"href":"https:\/\/centrumsamopomocy.pl\/latarnik\/index.php?rest_route=%2Fwp%2Fv2%2Fcomments&post=50"}],"version-history":[{"count":2,"href":"https:\/\/centrumsamopomocy.pl\/latarnik\/index.php?rest_route=\/wp\/v2\/posts\/50\/revisions"}],"predecessor-version":[{"id":53,"href":"https:\/\/centrumsamopomocy.pl\/latarnik\/index.php?rest_route=\/wp\/v2\/posts\/50\/revisions\/53"}],"wp:featuredmedia":[{"embeddable":true,"href":"https:\/\/centrumsamopomocy.pl\/latarnik\/index.php?rest_route=\/wp\/v2\/media\/52"}],"wp:attachment":[{"href":"https:\/\/centrumsamopomocy.pl\/latarnik\/index.php?rest_route=%2Fwp%2Fv2%2Fmedia&parent=50"}],"wp:term":[{"taxonomy":"category","embeddable":true,"href":"https:\/\/centrumsamopomocy.pl\/latarnik\/index.php?rest_route=%2Fwp%2Fv2%2Fcategories&post=50"},{"taxonomy":"post_tag","embeddable":true,"href":"https:\/\/centrumsamopomocy.pl\/latarnik\/index.php?rest_route=%2Fwp%2Fv2%2Ftags&post=50"}],"curies":[{"name":"wp","href":"https:\/\/api.w.org\/{rel}","templated":true}]}}