{"id":2694,"date":"2026-04-28T17:49:33","date_gmt":"2026-04-28T15:49:33","guid":{"rendered":"https:\/\/centrumsamopomocy.pl\/latarnik\/?p=2694"},"modified":"2026-04-28T17:49:34","modified_gmt":"2026-04-28T15:49:34","slug":"sztuka-w-kryzysie-jak-arteterapia-laczy-ludzi-w-trojmiescie","status":"publish","type":"post","link":"https:\/\/centrumsamopomocy.pl\/latarnik\/?p=2694","title":{"rendered":"Sztuka w kryzysie. Jak arteterapia \u0142\u0105czy ludzi w Tr\u00f3jmie\u015bcie?"},"content":{"rendered":"\n<p><strong>W Gdyni i Sopocie w pracowniach, ogrodach i klubach samopomocy osoby z do\u015bwiadczeniem kryzysu psychicznego i niepe\u0142nosprawno\u015bci tworz\u0105 \u2014 z pasj\u0105 i cz\u0119sto wbrew stereotypom. Z tych dzia\u0142a\u0144 wyrasta lokalny ruch spo\u0142ecznego wsparcia sprawczo\u015bci u os\u00f3b w kryzysie psychicznym, w kt\u00f3rym sztuka przestaje by\u0107 tylko terapi\u0105 \u2014 staje si\u0119 narz\u0119dziem zmiany spo\u0142ecznej.<\/strong><\/p>\n\n\n\n<p><strong>Galeria Nieoczywista \u2013 sztuka, kt\u00f3ra leczy i \u0142\u0105czy \u015bwiaty<\/strong><\/p>\n\n\n\n<p>Projekt \u201eGaleria Nieoczywista\u201d realizowany jest w Sopocie przez Stowarzyszenie na Drodze Ekspresji w przestrzeni zwanej Akademi\u0105 Don Kichota. To wyj\u0105tkowe miejsce, w kt\u00f3rym osoby z do\u015bwiadczeniem kryzysu psychicznego, niepe\u0142nosprawno\u015bciami czy \u017cyciowymi trudno\u015bciami odnajduj\u0105 przestrze\u0144 akceptacji, wsparcia i tw\u00f3rczej ekspresji. Akademia to otwarta wsp\u00f3lnota, w kt\u00f3rej sztuka staje si\u0119 narz\u0119dziem zdrowienia, komunikacji i odbudowy poczucia w\u0142asnej warto\u015bci.<\/p>\n\n\n\n<p>Koordynatork\u0105 projektu jest Estera Tomczy\u0144ska \u2013 pedagog, psycholo\u017cka i animatorka dzia\u0142a\u0144 artystycznych, od lat wspieraj\u0105ca osoby w kryzysie psychicznym i z niepe\u0142nosprawno\u015bciami. W \u201eGalerii Nieoczywistej\u201d uczestnik\u00f3w wspiera r\u00f3wnie\u017c Anastazja Spitsina \u2013 artystka o mi\u0119dzynarodowym do\u015bwiadczeniu, dla kt\u00f3rej sztuka jest sposobem budowania relacji i otwierania ludzi na siebie nawzajem. Anastazja towarzyszy uczestnikom w procesie tw\u00f3rczym i rozwoju.<\/p>\n\n\n\n<p>Galeria Nieoczywista \u0142\u0105czy \u015bwiaty \u2013 artyst\u00f3w outsider\u00f3w, profesjonalnych tw\u00f3rc\u00f3w oraz lokaln\u0105 spo\u0142eczno\u015b\u0107. W\u015br\u00f3d uczestnik\u00f3w galerii znajduj\u0105 si\u0119: Ma\u0142gorzata Komor, Ma\u0142gorzata Krefft, Krystyna Finke-Kristin, Alona Hrytsyshyna, Liliy (Liba), Nikolas Szopi\u0144ski, Anna Bara\u0144ska oraz Jolanta Miller. Uczestnicy projektu tworz\u0105 duety artystyczne, w kt\u00f3rych do\u015bwiadczenie zawodowych artyst\u00f3w spotyka si\u0119 z autentyczno\u015bci\u0105 i emocjonalno\u015bci\u0105 tw\u00f3rc\u00f3w spoza g\u0142\u00f3wnego nurtu.<\/p>\n\n\n\n<p>Jednym z wa\u017cnych wydarze\u0144 jest wystawa \u201eKolor po obu stronach granicy\u201d, prezentuj\u0105ca tw\u00f3rczo\u015b\u0107 Nicolasa Szopi\u0144skiego, artysty zwi\u0105zanego z Akademi\u0105 Don Kichota, kt\u00f3ry obchodzi w tym roku 40-lecie \u017cycia ze schizofreni\u0105. Wernisa\u017c odby\u0142 si\u0119 29 pa\u017adziernika o godz. 18.00 w Sopocie.<\/p>\n\n\n\n<p>Arty\u015bci profesjonalni Galerii Nieoczywistej:<\/p>\n\n\n\n<ul class=\"wp-block-list\">\n<li>Dawid Wojtalewicz \u2013 malarz i animator kultury, absolwent Kr\u00f3lewskiej Akademii Sztuk Pi\u0119knych w Antwerpii. Tworzy malarstwo sztalugowe, ikony, murale i freski. Wsp\u00f3\u0142pracuje ze Stowarzyszeniem Halo Kultura w Gdyni, mieszka i tworzy w Antwerpii i Sopocie.<\/li>\n<\/ul>\n\n\n\n<ul class=\"wp-block-list\">\n<li>Pracownia Ekhada Art \u2013 jubiler i tw\u00f3rca z pracowni dzia\u0142aj\u0105cej w ramach Halo Kultury. Prowadzi warsztaty, podczas kt\u00f3rych bi\u017cuteria staje si\u0119 form\u0105 rozmowy o emocjach i warto\u015bciach.<\/li>\n<\/ul>\n\n\n\n<ul class=\"wp-block-list\">\n<li>Paulina Ku\u017ami\u0144ska \u2013 malarka i arteterapeutka, autorka zaj\u0119\u0107 inspirowanych Jungiem, tworz\u0105ca w stylu neopuentylizmu. Jej obrazy s\u0105 form\u0105 medytacji i wyciszenia.<\/li>\n<\/ul>\n\n\n\n<ul class=\"wp-block-list\">\n<li>Aleksandra Majzel \u2013 graficzka, performerka i stypendystka Prezydenta Miasta Sopotu (2024). Wsp\u00f3\u0142za\u0142o\u017cycielka grupy Pink TV only good news, wsp\u00f3\u0142pracuje z Halo Kultur\u0105.<\/li>\n<\/ul>\n\n\n\n<ul class=\"wp-block-list\">\n<li>Marina Shavlovskaya \u2013 artystka pochodz\u0105ca z Bia\u0142orusi, absolwentka ASP w Gda\u0144sku. Jej tw\u00f3rczo\u015b\u0107 to osobisty dialog z do\u015bwiadczeniem wolno\u015bci i to\u017csamo\u015bci.<\/li>\n<\/ul>\n\n\n\n<p><strong>Ogr\u00f3d bez po\u015bpiechu \u2013 sztuka, natura i uzdrawianie<\/strong><\/p>\n\n\n\n<p>Na gdy\u0144skiej Bernadowskiej, w zielonym zak\u0105tku Ogrodu bez po\u015bpiechu, odbywaj\u0105 si\u0119 warsztaty malarskie Dawida Wojtalewicza z udzia\u0142em uczestnik\u00f3w klub\u00f3w samopomocy: Chrzan House, Klubu 123 i Busoli. To co\u015b znacznie wi\u0119cej ni\u017c zaj\u0119cia artystyczne \u2014 to do\u015bwiadczenie \u0142\u0105cz\u0105ce sztuk\u0119, natur\u0119 i proces wewn\u0119trznego uzdrawiania. Uczestnicy maluj\u0105 pigmentami z ziemi, popio\u0142u, muszli i ro\u015blin, ucz\u0105c si\u0119 uwa\u017cno\u015bci, cierpliwo\u015bci i wsp\u00f3\u0142obecno\u015bci.<\/p>\n\n\n\n<p>Celem tych zaj\u0119\u0107 wydaje si\u0119 by\u0107 nie tyle osi\u0105gni\u0119cie perfekcyjnego efektu artystycznego, ile przywr\u00f3cenie kontaktu z w\u0142asn\u0105 wra\u017cliwo\u015bci\u0105 i z natur\u0105. Sztuka staje si\u0119 narz\u0119dziem uwa\u017cno\u015bci \u2013 sposobem na zwolnienie tempa, na ws\u0142uchanie si\u0119 w siebie i w materi\u0119. W tej praktyce tworzenie ma charakter terapeutyczny: uwalnia napi\u0119cia, porz\u0105dkuje emocje, buduje wewn\u0119trzn\u0105 r\u00f3wnowag\u0119.<\/p>\n\n\n\n<p>Metody nauczania Wojtalewicza oparte na indywidualnym podej\u015bciu i analizie dzie\u0142 pozwalaj\u0105 uczestnikom znale\u017a\u0107 w\u0142asny j\u0119zyk artystyczny. Ka\u017cdy proces tw\u00f3rczy jest tu r\u00f3wnocze\u015bnie procesem poznawczym i emocjonalnym. Zaj\u0119cia te nie przypominaj\u0105 klasycznej lekcji \u2013 bardziej s\u0105 spotkaniem w atmosferze skupienia i wzajemnej inspiracji, gdzie nauczyciel staje si\u0119 przewodnikiem, a nie mentorem.<\/p>\n\n\n\n<p>Ogr\u00f3d jest przestrzeni\u0105 otwart\u0105 i pe\u0142n\u0105 \u015bwiat\u0142a \u2013 miejscem, gdzie klasyczne podej\u015bcie do sztuki spotyka si\u0119 z nowoczesn\u0105 \u015bwiadomo\u015bci\u0105 ekologiczn\u0105. Tu sztuka staje si\u0119 sposobem bycia w \u015bwiecie \u2013 uwa\u017cnym, delikatnym i tw\u00f3rczym.<\/p>\n\n\n\n<p><strong>Halo Kultura \u2013 sztuka, kt\u00f3ra jednoczy<\/strong><\/p>\n\n\n\n<p>Sztuka w kryzysie to tak\u017ce Stowarzyszenie Halo Kultura w Gdyni \u2013 organizacja, kt\u00f3ra powsta\u0142a, by zrzesza\u0107 artyst\u00f3w, ale szybko sta\u0142a si\u0119 czym\u015b znacznie wi\u0119cej. Halo Kultura to wsp\u00f3lnota, w kt\u00f3rej tw\u00f3rcy tworz\u0105 nie tylko dzie\u0142a, lecz tak\u017ce relacje, wzajemne wsparcie i przestrze\u0144 dla lokalnej spo\u0142eczno\u015bci. Prezesem Stowarzyszenia jest Cyprian O\u017c\u00f3g-Orzegowski.<\/p>\n\n\n\n<p>W ramach Halo Kultury dzia\u0142a szereg pracowni tw\u00f3rczych, m.in. Pracownia Ekhada Art, Pracownia Mag D\u2019or Art \u2013 prowadzona przez artystk\u0119 zajmuj\u0105c\u0105 si\u0119 arteterapi\u0105 z doros\u0142ymi i m\u0142odzie\u017c\u0105, wsp\u00f3\u0142pracuj\u0105c\u0105 ze \u015brodowiskami i klubami Centrum Samopomocy w Gdyni oraz Pracownia Sitodruku Suzito \u2013 miejsce skupiaj\u0105ce dzia\u0142ania artystyczno-terapeutyczne.<\/p>\n\n\n\n<p>Zuzanna Szmyt \u2013 pomys\u0142odawczyni i organizatorka Dnia Otwartego Inicjatyw Tw\u00f3rczych (DO.IT) \u2013 realizuje projekt we wsp\u00f3\u0142pracy z Halo Kultur\u0105 i lokalnymi artystami. To cykliczne wydarzenie, gdzie Zuzanna wykorzystuje sztuk\u0119 jako narz\u0119dzie refleksji oraz budowania odporno\u015bci psychicznej. Ka\u017cda edycja DO.IT koncentruje si\u0119 na innych aspektach dobrostanu, a tw\u00f3rcy poprzez warsztaty, wystawy i performance inspiruj\u0105 do pozytywnego my\u015blenia i szukania tw\u00f3rczych strategii radzenia sobie z trudno\u015bciami. Do tej pory odby\u0142y si\u0119 ju\u017c cztery edycje wydarzenia, kt\u00f3re sta\u0142o si\u0119 wa\u017cnym punktem na mapie kulturalnej Tr\u00f3jmiasta.<\/p>\n\n\n\n<p>Joanna Borowiec \u2013 cz\u0142onkini rady programowej Halo Kultury i za\u0142o\u017cycielka Fundacji Q Sztuce \u2013 wspiera dzia\u0142ania artystyczne i spo\u0142eczne. Jej prace fotograficzne inspirowane s\u0105 cz\u0142owiekiem, emocjami i relacjami mi\u0119dzyludzkimi. W kwietniu 2026 roku w Oliwskim Ratuszu Kultury \u2013 Galerii Sztuki Warzywniak \u2013 odb\u0119dzie si\u0119 jej wystawa \u201eZagubieni\u201d, po\u015bwi\u0119cona problemowi depresji i zagubienia m\u0142odzie\u017cy. Wystawa ta \u0142\u0105czy do\u015bwiadczenie artystyczne z misj\u0105 spo\u0142eczn\u0105 i edukacyjn\u0105 Fundacji Q Sztuce.<\/p>\n\n\n\n<p>Pracownia NoDobra \u2013 prowadzona przez Alicj\u0119 Nowicz i Ann\u0119 Kraszewsk\u0105 \u2013 to przestrze\u0144 ceramiki, rze\u017aby i innych dzia\u0142a\u0144 tw\u00f3rczych, dedykowana wolnej ekspresji i odkrywaniu siebie poprzez proces tworzenia oraz eksperymentowanie z materi\u0105. To kolejne miejsce w Tr\u00f3jmie\u015bcie, w kt\u00f3rym sztuka staje si\u0119 narz\u0119dziem samopoznania i wsp\u00f3lnotowego wsparcia.<\/p>\n\n\n\n<p>Pracownia \u015alad \u2013 prowadzona przez Klaudi\u0119 Jareck\u0105 i Magdalen\u0119 B\u0142e\u0144sk\u0105, rozwija ide\u0119 Malortu \u2013 przestrzeni swobodnego malowania dla dzieci i m\u0142odzie\u017cy z tr\u00f3jmiejskich szk\u00f3\u0142. Malowanie bez narzuconego tematu pozwala, by na papier \u201ewyp\u0142yn\u0119\u0142y\u201d emocje, napi\u0119cia czy wspomnienia, kt\u00f3rych cz\u0119sto nie umiemy nazwa\u0107 s\u0142owami.<\/p>\n\n\n\n<p>W ten spos\u00f3b proces staje si\u0119 form\u0105 autoterapii \u2013 bez konieczno\u015bci werbalnego opowiadania o sobie.<\/p>\n\n\n\n<p><strong>Kultura wra\u017cliwo\u015bci<\/strong><\/p>\n\n\n\n<p>Tr\u00f3jmiasto coraz mocniej wpisuje arteterapi\u0119 w pejza\u017c lokalnej kultury. Inicjatywy takie jak Centrum Samopomocy, Galeria Nieoczywista, Ogr\u00f3d bez po\u015bpiechu i Halo Kultura pokazuj\u0105, \u017ce sztuka nie wymaga talentu, lecz odwagi \u2013 by si\u0119gn\u0105\u0107 po p\u0119dzel, glin\u0119, aparat, metal czy sito drukarskie i powiedzie\u0107: \u201eto jestem ja.\u201d To w\u0142a\u015bnie z tej odwagi i wsp\u00f3\u0142tworzenia rodzi si\u0119 kultura wra\u017cliwo\u015bci \u2013 wsp\u00f3lnota, w kt\u00f3rej sztuka nie tylko leczy, ale te\u017c \u0142\u0105czy.<\/p>\n\n\n\n<p>\u0179r\u00f3d\u0142a i inspiracje: Akademia Don Kichota \/ Galeria Nieoczywista (Stowarzyszenie Na Drodze Ekspresji), Halo Kultura \u2013 Ekhada Art, Pracownia \u015alad, Pracownia Sitodruku Suzito, Fundacja Q Sztuce, Pracownia Ceramiki No Dobra, Mag D\u2019or Art, Ogr\u00f3d bez po\u015bpiechu (Centrum Samopomocy w Gdyni), Marsz Po Godno\u015b\u0107, Chrzan House, Klub 123, Busola.<\/p>\n\n\n\n<p class=\"has-text-align-center\">________<\/p>\n\n\n\n<p><strong>Autorka: <\/strong>Magda Dorota Wosztyl \u2013 pedagog, arteterapeutka, animator kultury, dziennikarka radiowa i artystka. Absolwentka pedagogiki i edukacji artystycznej, z do\u015bwiadczeniem w edukacji dzieci i m\u0142odzie\u017cy oraz w mediach. Anga\u017cowa\u0142a si\u0119 w dzia\u0142ania spo\u0142eczne i arteterapi\u0119, wsp\u00f3\u0142pracuj\u0105c z fundacjami wspieraj\u0105cymi dzieci i uchod\u017ac\u00f3w. Cz\u0142onkini Stowarzyszenia Halo Kultura, prowadzi w\u0142asn\u0105 pracowni\u0119 artystyczn\u0105 i uczestniczy w organizacji wydarze\u0144 kulturalnych.<\/p>\n\n\n\n<p>Tekst pochodzi z 11. numeru rocznika \u201eOtwarte Bramy\u201d. Z pe\u0142n\u0105 tre\u015bci\u0105 czasopisma mo\u017cna zapozna\u0107 si\u0119&nbsp;<strong><a href=\"https:\/\/centrumsamopomocy.pl\/wp-content\/uploads\/2025\/11\/Otwarte-Bramy.pdf\" target=\"_blank\" rel=\"noreferrer noopener\">tutaj \u2013 kliknij i sprawd\u017a<\/a><\/strong>.<\/p>\n\n\n\n<p><\/p>\n","protected":false},"excerpt":{"rendered":"<p>W Gdyni i Sopocie w pracowniach, ogrodach i klubach samopomocy osoby z do\u015bwiadczeniem kryzysu psychicznego i niepe\u0142nosprawno\u015bci tworz\u0105 \u2014 z pasj\u0105 i cz\u0119sto wbrew stereotypom. Z tych dzia\u0142a\u0144 wyrasta lokalny ruch spo\u0142ecznego wsparcia sprawczo\u015bci u os\u00f3b w kryzysie psychicznym, w kt\u00f3rym sztuka przestaje by\u0107 tylko terapi\u0105 \u2014 staje si\u0119 narz\u0119dziem zmiany spo\u0142ecznej. Galeria Nieoczywista \u2013 [&hellip;]<\/p>\n","protected":false},"author":1,"featured_media":2696,"comment_status":"closed","ping_status":"closed","sticky":false,"template":"","format":"standard","meta":{"_monsterinsights_skip_tracking":false,"_monsterinsights_sitenote_active":false,"_monsterinsights_sitenote_note":"","_monsterinsights_sitenote_category":0,"footnotes":""},"categories":[1],"tags":[],"class_list":["post-2694","post","type-post","status-publish","format-standard","has-post-thumbnail","hentry","category-wszystkie"],"aioseo_notices":[],"magazineBlocksPostFeaturedMedia":{"thumbnail":"https:\/\/centrumsamopomocy.pl\/latarnik\/wp-content\/uploads\/2026\/04\/Ilustracyjne-22-150x150.jpg","medium":"https:\/\/centrumsamopomocy.pl\/latarnik\/wp-content\/uploads\/2026\/04\/Ilustracyjne-22-300x151.jpg","medium_large":"https:\/\/centrumsamopomocy.pl\/latarnik\/wp-content\/uploads\/2026\/04\/Ilustracyjne-22-768x385.jpg","large":"https:\/\/centrumsamopomocy.pl\/latarnik\/wp-content\/uploads\/2026\/04\/Ilustracyjne-22-1024x514.jpg","1536x1536":"https:\/\/centrumsamopomocy.pl\/latarnik\/wp-content\/uploads\/2026\/04\/Ilustracyjne-22-1536x771.jpg","2048x2048":"https:\/\/centrumsamopomocy.pl\/latarnik\/wp-content\/uploads\/2026\/04\/Ilustracyjne-22.jpg"},"magazineBlocksPostAuthor":{"name":"Pracownia Latarnik","avatar":"https:\/\/secure.gravatar.com\/avatar\/4d57a8b00d097dc665b1acf25e79882e15157ad223521db56d2ecbf772fa5174?s=96&d=mm&r=g"},"magazineBlocksPostCommentsNumber":false,"magazineBlocksPostExcerpt":"W Gdyni i Sopocie w pracowniach, ogrodach i klubach samopomocy osoby z do\u015bwiadczeniem kryzysu psychicznego i niepe\u0142nosprawno\u015bci tworz\u0105 \u2014 z pasj\u0105 i cz\u0119sto wbrew stereotypom. Z tych dzia\u0142a\u0144 wyrasta lokalny ruch spo\u0142ecznego wsparcia sprawczo\u015bci u os\u00f3b w kryzysie psychicznym, w kt\u00f3rym sztuka przestaje by\u0107 tylko terapi\u0105 \u2014 staje si\u0119 narz\u0119dziem zmiany spo\u0142ecznej. Galeria Nieoczywista \u2013 [&hellip;]","magazineBlocksPostCategories":["Wszystkie"],"magazineBlocksPostViewCount":3,"magazineBlocksPostReadTime":7,"magazine_blocks_featured_image_url":{"full":["https:\/\/centrumsamopomocy.pl\/latarnik\/wp-content\/uploads\/2026\/04\/Ilustracyjne-22.jpg",1614,810,false],"medium":["https:\/\/centrumsamopomocy.pl\/latarnik\/wp-content\/uploads\/2026\/04\/Ilustracyjne-22-300x151.jpg",300,151,true],"thumbnail":["https:\/\/centrumsamopomocy.pl\/latarnik\/wp-content\/uploads\/2026\/04\/Ilustracyjne-22-150x150.jpg",150,150,true]},"magazine_blocks_author":{"display_name":"Pracownia Latarnik","author_link":"https:\/\/centrumsamopomocy.pl\/latarnik\/?author=1"},"magazine_blocks_comment":0,"magazine_blocks_author_image":"https:\/\/secure.gravatar.com\/avatar\/4d57a8b00d097dc665b1acf25e79882e15157ad223521db56d2ecbf772fa5174?s=96&d=mm&r=g","magazine_blocks_category":"<a href=\"#\" class=\"category-link category-link-1\">Wszystkie<\/a>","_links":{"self":[{"href":"https:\/\/centrumsamopomocy.pl\/latarnik\/index.php?rest_route=\/wp\/v2\/posts\/2694","targetHints":{"allow":["GET"]}}],"collection":[{"href":"https:\/\/centrumsamopomocy.pl\/latarnik\/index.php?rest_route=\/wp\/v2\/posts"}],"about":[{"href":"https:\/\/centrumsamopomocy.pl\/latarnik\/index.php?rest_route=\/wp\/v2\/types\/post"}],"author":[{"embeddable":true,"href":"https:\/\/centrumsamopomocy.pl\/latarnik\/index.php?rest_route=\/wp\/v2\/users\/1"}],"replies":[{"embeddable":true,"href":"https:\/\/centrumsamopomocy.pl\/latarnik\/index.php?rest_route=%2Fwp%2Fv2%2Fcomments&post=2694"}],"version-history":[{"count":3,"href":"https:\/\/centrumsamopomocy.pl\/latarnik\/index.php?rest_route=\/wp\/v2\/posts\/2694\/revisions"}],"predecessor-version":[{"id":2698,"href":"https:\/\/centrumsamopomocy.pl\/latarnik\/index.php?rest_route=\/wp\/v2\/posts\/2694\/revisions\/2698"}],"wp:featuredmedia":[{"embeddable":true,"href":"https:\/\/centrumsamopomocy.pl\/latarnik\/index.php?rest_route=\/wp\/v2\/media\/2696"}],"wp:attachment":[{"href":"https:\/\/centrumsamopomocy.pl\/latarnik\/index.php?rest_route=%2Fwp%2Fv2%2Fmedia&parent=2694"}],"wp:term":[{"taxonomy":"category","embeddable":true,"href":"https:\/\/centrumsamopomocy.pl\/latarnik\/index.php?rest_route=%2Fwp%2Fv2%2Fcategories&post=2694"},{"taxonomy":"post_tag","embeddable":true,"href":"https:\/\/centrumsamopomocy.pl\/latarnik\/index.php?rest_route=%2Fwp%2Fv2%2Ftags&post=2694"}],"curies":[{"name":"wp","href":"https:\/\/api.w.org\/{rel}","templated":true}]}}