{"id":2681,"date":"2026-04-07T18:44:49","date_gmt":"2026-04-07T16:44:49","guid":{"rendered":"https:\/\/centrumsamopomocy.pl\/latarnik\/?p=2681"},"modified":"2026-04-09T07:51:58","modified_gmt":"2026-04-09T05:51:58","slug":"emonimalizm-matematyka-i-zycie-z-epilepsja-niezwykla-historia-macieja-korzela","status":"publish","type":"post","link":"https:\/\/centrumsamopomocy.pl\/latarnik\/?p=2681","title":{"rendered":"Emonimalizm, matematyka i \u017cycie z epilepsj\u0105. Niezwyk\u0142a historia Macieja Kor\u017cela"},"content":{"rendered":"\n<p><strong>W \u015bwiecie, gdzie nauki \u015bcis\u0142e cz\u0119sto przeciwstawia si\u0119 artystycznej duszy, Maciej Kor\u017cel udowadnia, \u017ce te dwa uniwersy nie tylko mog\u0105 wsp\u00f3\u0142istnie\u0107, ale wzajemnie si\u0119 dope\u0142nia\u0107. Nauczyciel matematyki, pasjonat astronomii i tw\u00f3rca nurtu \u201eemonimalizmu\u201d, od lat mierzy si\u0119 z post\u0119puj\u0105c\u0105 utrat\u0105 pami\u0119ci wywo\u0142an\u0105 epilepsj\u0105. W szczerej rozmowie z Przemys\u0142awem Szczyg\u0142em z Pracowni Latarnik opowiada o tym, jak kreatywno\u015b\u0107 pomaga oswoi\u0107 trudne emocje i dlaczego matematyka jest dla umys\u0142u tym, czym joga dla cia\u0142a.<\/strong><\/p>\n\n\n\n<figure class=\"wp-block-embed is-type-video is-provider-youtube wp-block-embed-youtube wp-embed-aspect-16-9 wp-has-aspect-ratio\"><div class=\"wp-block-embed__wrapper\">\n<iframe loading=\"lazy\" title=\"Emonimalizm, matematyka i \u017cycie z epilepsj\u0105. Niezwyk\u0142a historia Macieja Kor\u017cela\" width=\"640\" height=\"360\" src=\"https:\/\/www.youtube.com\/embed\/mzjjo9qC6Mw?feature=oembed\" frameborder=\"0\" allow=\"accelerometer; autoplay; clipboard-write; encrypted-media; gyroscope; picture-in-picture; web-share\" referrerpolicy=\"strict-origin-when-cross-origin\" allowfullscreen><\/iframe>\n<\/div><\/figure>\n\n\n\n<hr class=\"wp-block-separator has-alpha-channel-opacity\"\/>\n\n\n\n<p><strong>Przemys\u0142aw Szczygie\u0142: Jeste\u015b nauczycielem matematyki, artyst\u0105, cz\u0142owiekiem wielu pasji. Jak sam opisa\u0142by\u015b siebie naszym czytelnikom?<\/strong><\/p>\n\n\n\n<p id=\"p-rc_60b721101fe33b2e-97\"><strong>Maciej Kor\u017cel:<\/strong> Bior\u0105c pod uwag\u0119 temat naszej rozmowy, jestem przede wszystkim cz\u0142owiekiem w kryzysie psychicznym, kt\u00f3ry ma szczer\u0105 intencj\u0119 z niego wyj\u015b\u0107, cho\u0107 nie jest to \u0142atwe. Jestem te\u017c osob\u0105 niepe\u0142nosprawn\u0105. Od 30 lat choruj\u0119 na epilepsj\u0119. Moim najwi\u0119kszym wyzwaniem jest post\u0119puj\u0105ca utrata pami\u0119ci, kt\u00f3ra mocno k\u0142\u00f3ci si\u0119 z moj\u0105 pasj\u0105 i prac\u0105 zawodow\u0105, czyli nauczaniem matematyki. Musia\u0142em stopniowo obni\u017ca\u0107 poziom nauczania i liczb\u0119 godzin pracy, poniewa\u017c zbyt du\u017ce obci\u0105\u017cenie intelektualne skutkowa\u0142o atakami.<\/p>\n\n\n\n<p><strong>Jak zacz\u0119\u0142a si\u0119 Twoja przygoda z nauczaniem?<\/strong><\/p>\n\n\n\n<p id=\"p-rc_60b721101fe33b2e-98\">Pomys\u0142 zrodzi\u0142 si\u0119 ju\u017c w liceum. Bra\u0142em udzia\u0142 w konkursach matematycznych i cz\u0119sto pomaga\u0142em znajomym, t\u0142umacz\u0105c im trudne zagadnienia w zrozumia\u0142y spos\u00f3b. Wyb\u00f3r studi\u00f3w matematycznych by\u0142 jednak podyktowany pragmatyzmem. Chcia\u0142em unikn\u0105\u0107 obowi\u0105zkowej s\u0142u\u017cby wojskowej, a na wymarzon\u0105 astronomi\u0119 by\u0142o si\u0119 w\u00f3wczas bardzo trudno dosta\u0107.<\/p>\n\n\n\n<p><strong>Wspomnia\u0142e\u015b o astronomii. Czy wci\u0105\u017c Ci\u0119 ona pasjonuje?<\/strong><\/p>\n\n\n\n<p id=\"p-rc_60b721101fe33b2e-99\">Bardziej ni\u017c obserwacje nieba interesuje mnie aspekt fizyczny i filozoficzny kosmosu<sup><\/sup>. Zastanawiam si\u0119 nad ogromem wszech\u015bwiata, jego ewentualn\u0105 niesko\u0144czono\u015bci\u0105 czy teoriami dotycz\u0105cymi jego wirowania<sup><\/sup>. To poszukiwanie odpowiedzi na pytanie, o co w tym wszystkim chodzi, jest dla mnie niezwykle wci\u0105gaj\u0105ce<sup><\/sup>.<\/p>\n\n\n\n<p><strong>Wr\u00f3\u0107my do matematyki. Cz\u0119sto postrzega si\u0119 j\u0105 jako dziedzin\u0119 czysto analityczn\u0105, przeciwstawn\u0105 tw\u00f3rczo\u015bci. Ty masz inne zdanie.<\/strong><\/p>\n\n\n\n<p id=\"p-rc_60b721101fe33b2e-100\">Absolutnie tak. Matematyka jest dla intelektu jak joga dla ducha i cia\u0142a. Rozwi\u0105zywanie problem\u00f3w matematycznych daje ogromn\u0105 przestrze\u0144 na kreatywno\u015b\u0107. B\u0142\u0119dem szko\u0142y jest wymuszanie jednego schematu. Ja ucz\u0119 swoich uczni\u00f3w, by korzystali z dowolnych \u015bcie\u017cek, byle doprowadzi\u0142y ich do celu. Moim najwi\u0119kszym sukcesem nie s\u0105 wybitni olimpijczycy, ale np. dziewczyna z dyskalkuli\u0105, kt\u00f3ra dzi\u0119ki naszej pracy zda\u0142a matur\u0119 i mog\u0142a p\u00f3j\u015b\u0107 dalej swoj\u0105 artystyczn\u0105 drog\u0105.<\/p>\n\n\n\n<p><strong>Twoja tw\u00f3rczo\u015b\u0107 artystyczna r\u00f3wnie\u017c ma swoj\u0105 nazw\u0119 \u2013 emonimalizm. Co si\u0119 za ni\u0105 kryje?<\/strong><\/p>\n\n\n\n<p id=\"p-rc_60b721101fe33b2e-101\">To po\u0142\u0105czenie emocji i minimalizmu \u2013 emocjonalny minimalizm. Moje prace powstawa\u0142y g\u0142\u00f3wnie w trudnych okresach \u017cycia. Rysowanie i pisanie pozwala\u0142o mi \u201ewypchn\u0105\u0107\u201d emocje z siebie, nazwa\u0107 je i uwolni\u0107 g\u0142ow\u0119. W moich grafikach skupiam si\u0119 na esencji, odrzucaj\u0105c zb\u0119dne detale, co nadaje im niemal logotypowy charakter.<\/p>\n\n\n\n<p><strong>Pracujesz nad ksi\u0105\u017ck\u0105, kt\u00f3ra \u0142\u0105czy te grafiki z tekstem. Jaka to historia?<\/strong><\/p>\n\n\n\n<p id=\"p-rc_60b721101fe33b2e-102\">Projekt, nad kt\u00f3rym zacz\u0105\u0142em pracowa\u0107 oko\u0142o 2005 roku, nosi roboczy tytu\u0142 \u201eMi\u0142o\u015b\u0107 uskrzydla\u201d. To opowie\u015b\u0107 o dw\u00f3ch splecionych losach, przedstawiona na czarnym i bia\u0142ym tle, co ma przypomina\u0107 struktur\u0119 DNA. Teksty i grafiki przeplataj\u0105 si\u0119, tworz\u0105c wsp\u00f3ln\u0105 histori\u0119, kt\u00f3r\u0105 mo\u017cna \u015bledzi\u0107 r\u00f3wnie\u017c na moim blogu \u201eEmonimalista\u201d.<\/p>\n\n\n\n<p><strong>Przemys\u0142aw Szczygie\u0142: Twoja historia pokazuje, \u017ce nawet gdy pami\u0119\u0107 zawodzi, pasja i ch\u0119\u0107 zrozumienia \u015bwiata pozostaj\u0105. Czego najbardziej potrzebujesz na tym etapie swojej drogi?<\/strong><\/p>\n\n\n\n<p id=\"p-rc_60b721101fe33b2e-103\"><strong>Maciej Kor\u017cel:<\/strong> Najtrudniejsza by\u0142a dla mnie akceptacja faktu, \u017ce jako osoba z natury niezale\u017cna i samodzielna, musz\u0119 niekiedy prosi\u0107 o wsparcie. Przez lata kierowa\u0142em si\u0119 potrzeb\u0105 radzenia sobie ze wszystkim samemu, ale kryzys zweryfikowa\u0142 to podej\u015bcie. Dzi\u015b wiem, \u017ce nie poradzi\u0142bym sobie bez pomocy ludzi mi bliskich, przyjaci\u00f3\u0142 oraz profesjonalnych instytucji, do kt\u00f3rych w ko\u0144cu zdecydowa\u0142em si\u0119 zapuka\u0107. To wsparcie jest dla mnie po prostu kosmiczne i przepot\u0119\u017cne. Cho\u0107 podj\u0119cie tego kroku by\u0142o cholernie trudne, to w\u0142a\u015bnie dzi\u0119ki niemu udaje mi si\u0119 wychodzi\u0107 na prost\u0105. Samemu nie da\u0142bym rady.<\/p>\n\n\n\n<p><strong>Przemys\u0142aw Szczygie\u0142: <\/strong>Dzi\u0119kuj\u0119 za rozmow\u0119.<\/p>\n\n\n\n<p><strong>Maciej Kor\u017cel:<\/strong> Dzi\u0119ki.<\/p>\n\n\n\n<p><\/p>\n","protected":false},"excerpt":{"rendered":"<p>W \u015bwiecie, gdzie nauki \u015bcis\u0142e cz\u0119sto przeciwstawia si\u0119 artystycznej duszy, Maciej Kor\u017cel udowadnia, \u017ce te dwa uniwersy nie tylko mog\u0105 wsp\u00f3\u0142istnie\u0107, ale wzajemnie si\u0119 dope\u0142nia\u0107. Nauczyciel matematyki, pasjonat astronomii i tw\u00f3rca nurtu \u201eemonimalizmu\u201d, od lat mierzy si\u0119 z post\u0119puj\u0105c\u0105 utrat\u0105 pami\u0119ci wywo\u0142an\u0105 epilepsj\u0105. W szczerej rozmowie z Przemys\u0142awem Szczyg\u0142em z Pracowni Latarnik opowiada o tym, [&hellip;]<\/p>\n","protected":false},"author":1,"featured_media":2683,"comment_status":"closed","ping_status":"closed","sticky":false,"template":"","format":"standard","meta":{"_monsterinsights_skip_tracking":false,"_monsterinsights_sitenote_active":false,"_monsterinsights_sitenote_note":"","_monsterinsights_sitenote_category":0,"footnotes":""},"categories":[1],"tags":[],"class_list":["post-2681","post","type-post","status-publish","format-standard","has-post-thumbnail","hentry","category-wszystkie"],"aioseo_notices":[],"magazineBlocksPostFeaturedMedia":{"thumbnail":"https:\/\/centrumsamopomocy.pl\/latarnik\/wp-content\/uploads\/2026\/04\/Ilustracyjne-21-150x150.jpg","medium":"https:\/\/centrumsamopomocy.pl\/latarnik\/wp-content\/uploads\/2026\/04\/Ilustracyjne-21-300x151.jpg","medium_large":"https:\/\/centrumsamopomocy.pl\/latarnik\/wp-content\/uploads\/2026\/04\/Ilustracyjne-21-768x385.jpg","large":"https:\/\/centrumsamopomocy.pl\/latarnik\/wp-content\/uploads\/2026\/04\/Ilustracyjne-21-1024x514.jpg","1536x1536":"https:\/\/centrumsamopomocy.pl\/latarnik\/wp-content\/uploads\/2026\/04\/Ilustracyjne-21-1536x771.jpg","2048x2048":"https:\/\/centrumsamopomocy.pl\/latarnik\/wp-content\/uploads\/2026\/04\/Ilustracyjne-21.jpg"},"magazineBlocksPostAuthor":{"name":"Pracownia Latarnik","avatar":"https:\/\/secure.gravatar.com\/avatar\/4d57a8b00d097dc665b1acf25e79882e15157ad223521db56d2ecbf772fa5174?s=96&d=mm&r=g"},"magazineBlocksPostCommentsNumber":false,"magazineBlocksPostExcerpt":"W \u015bwiecie, gdzie nauki \u015bcis\u0142e cz\u0119sto przeciwstawia si\u0119 artystycznej duszy, Maciej Kor\u017cel udowadnia, \u017ce te dwa uniwersy nie tylko mog\u0105 wsp\u00f3\u0142istnie\u0107, ale wzajemnie si\u0119 dope\u0142nia\u0107. Nauczyciel matematyki, pasjonat astronomii i tw\u00f3rca nurtu \u201eemonimalizmu\u201d, od lat mierzy si\u0119 z post\u0119puj\u0105c\u0105 utrat\u0105 pami\u0119ci wywo\u0142an\u0105 epilepsj\u0105. W szczerej rozmowie z Przemys\u0142awem Szczyg\u0142em z Pracowni Latarnik opowiada o tym, [&hellip;]","magazineBlocksPostCategories":["Wszystkie"],"magazineBlocksPostViewCount":41,"magazineBlocksPostReadTime":4,"magazine_blocks_featured_image_url":{"full":["https:\/\/centrumsamopomocy.pl\/latarnik\/wp-content\/uploads\/2026\/04\/Ilustracyjne-21.jpg",1614,810,false],"medium":["https:\/\/centrumsamopomocy.pl\/latarnik\/wp-content\/uploads\/2026\/04\/Ilustracyjne-21-300x151.jpg",300,151,true],"thumbnail":["https:\/\/centrumsamopomocy.pl\/latarnik\/wp-content\/uploads\/2026\/04\/Ilustracyjne-21-150x150.jpg",150,150,true]},"magazine_blocks_author":{"display_name":"Pracownia Latarnik","author_link":"https:\/\/centrumsamopomocy.pl\/latarnik\/?author=1"},"magazine_blocks_comment":0,"magazine_blocks_author_image":"https:\/\/secure.gravatar.com\/avatar\/4d57a8b00d097dc665b1acf25e79882e15157ad223521db56d2ecbf772fa5174?s=96&d=mm&r=g","magazine_blocks_category":"<a href=\"#\" class=\"category-link category-link-1\">Wszystkie<\/a>","_links":{"self":[{"href":"https:\/\/centrumsamopomocy.pl\/latarnik\/index.php?rest_route=\/wp\/v2\/posts\/2681","targetHints":{"allow":["GET"]}}],"collection":[{"href":"https:\/\/centrumsamopomocy.pl\/latarnik\/index.php?rest_route=\/wp\/v2\/posts"}],"about":[{"href":"https:\/\/centrumsamopomocy.pl\/latarnik\/index.php?rest_route=\/wp\/v2\/types\/post"}],"author":[{"embeddable":true,"href":"https:\/\/centrumsamopomocy.pl\/latarnik\/index.php?rest_route=\/wp\/v2\/users\/1"}],"replies":[{"embeddable":true,"href":"https:\/\/centrumsamopomocy.pl\/latarnik\/index.php?rest_route=%2Fwp%2Fv2%2Fcomments&post=2681"}],"version-history":[{"count":2,"href":"https:\/\/centrumsamopomocy.pl\/latarnik\/index.php?rest_route=\/wp\/v2\/posts\/2681\/revisions"}],"predecessor-version":[{"id":2684,"href":"https:\/\/centrumsamopomocy.pl\/latarnik\/index.php?rest_route=\/wp\/v2\/posts\/2681\/revisions\/2684"}],"wp:featuredmedia":[{"embeddable":true,"href":"https:\/\/centrumsamopomocy.pl\/latarnik\/index.php?rest_route=\/wp\/v2\/media\/2683"}],"wp:attachment":[{"href":"https:\/\/centrumsamopomocy.pl\/latarnik\/index.php?rest_route=%2Fwp%2Fv2%2Fmedia&parent=2681"}],"wp:term":[{"taxonomy":"category","embeddable":true,"href":"https:\/\/centrumsamopomocy.pl\/latarnik\/index.php?rest_route=%2Fwp%2Fv2%2Fcategories&post=2681"},{"taxonomy":"post_tag","embeddable":true,"href":"https:\/\/centrumsamopomocy.pl\/latarnik\/index.php?rest_route=%2Fwp%2Fv2%2Ftags&post=2681"}],"curies":[{"name":"wp","href":"https:\/\/api.w.org\/{rel}","templated":true}]}}