{"id":2651,"date":"2026-03-19T17:27:41","date_gmt":"2026-03-19T16:27:41","guid":{"rendered":"https:\/\/centrumsamopomocy.pl\/latarnik\/?p=2651"},"modified":"2026-03-19T17:27:43","modified_gmt":"2026-03-19T16:27:43","slug":"szon-patrol-kiedy-przemoc-przebiera-sie-za-zart","status":"publish","type":"post","link":"https:\/\/centrumsamopomocy.pl\/latarnik\/?p=2651","title":{"rendered":"\u201eSzon patrol\u201d \u2013 kiedy przemoc przebiera si\u0119 za \u017cart"},"content":{"rendered":"\n<p><strong>W polskich miastach, od Warszawy po Rybnik, pojawi\u0142o si\u0119 zjawisko, kt\u00f3re z pozoru wygl\u0105da jak m\u0142odzie\u017cowy \u017cart. Grupy nastolatk\u00f3w, cz\u0119sto ubranych w charakterystyczne kamizelki, nagrywaj\u0105 dziewczynki w przestrzeni publicznej, komentuj\u0105c ich wygl\u0105d i zachowanie w spos\u00f3b pogardliwy, a nast\u0119pnie publikuj\u0105 te nagrania w Internecie. Zjawisko nazwane \u201eszon patrolem\u201d rozprzestrzenia si\u0119 b\u0142yskawicznie. I nie \u2014 to nie jest niewinny trend. To nowa forma przemocy, kt\u00f3ra dzia\u0142a szybko, brutalnie i cz\u0119sto poza zasi\u0119giem doros\u0142ych.<\/strong><\/p>\n\n\n\n<p>Nagrywanie bez zgody. Wy\u015bmiewanie. Publiczne zawstydzanie. Publikowanie wizerunku z obra\u017aliwymi komentarzami. To nie s\u0105 wybryki. To \u015bwiadome dzia\u0142ania, kt\u00f3re maj\u0105 na celu upokorzenie drugiego cz\u0142owieka. I cho\u0107 sprawcami s\u0105 cz\u0119sto dzieci, skutki dla ofiar s\u0105 dramatyczne. Rzeczniczka Praw Dziecka, organizacje takie jak KidsAlert czy Fundacja Dajemy Dzieciom Si\u0142\u0119, a tak\u017ce policja w kilku miastach potwierdzi\u0142y ju\u017c zg\u0142oszenia i rozpocz\u0119\u0142y dzia\u0142ania. Ale zanim instytucje zareaguj\u0105, nagranie ju\u017c kr\u0105\u017cy w sieci. Komentarze ju\u017c si\u0119 pojawi\u0142y. Wstyd ju\u017c si\u0119 rozla\u0142.<\/p>\n\n\n\n<h2 class=\"wp-block-heading\">Dramatyczne skutki \u201eniewinnych\u201d nagra\u0144<\/h2>\n\n\n\n<p>Z pozoru \u015bmieszne nagrania mog\u0105 mie\u0107 g\u0142\u0119boko traumatyczne skutki dla os\u00f3b, kt\u00f3re staj\u0105 si\u0119 ich ofiarami. Psycholodzy alarmuj\u0105, \u017ce dzieci i m\u0142odzie\u017c nara\u017cone na publiczne zawstydzenie i cyberprzemoc do\u015bwiadczaj\u0105 spadku poczucia w\u0142asnej warto\u015bci, zmagaj\u0105 si\u0119 z l\u0119kiem spo\u0142ecznym i izolacj\u0105, maj\u0105 objawy depresji, bezsenno\u015bci, zaburze\u0144 od\u017cywiania, a w skrajnych przypadkach \u2014 podejmuj\u0105 pr\u00f3by samob\u00f3jcze.<\/p>\n\n\n\n<p>W jednym z udokumentowanych przypadk\u00f3w dziewczynka nagrana przez \u201eszon patrol\u201d trafi\u0142a pod opiek\u0119 psychiatryczn\u0105 po pr\u00f3bie odebrania sobie \u017cycia. To nie s\u0105 jednostkowe dramaty \u2014 to systemowe zaniedbanie w ochronie zdrowia psychicznego m\u0142odych ludzi.<\/p>\n\n\n\n<p>Ta przemoc nie zostawia siniak\u00f3w, ale zostawia blizny na psychice. Blizny, kt\u00f3re nie znikaj\u0105 po tygodniu. Kt\u00f3re nie goj\u0105 si\u0119 same. Kt\u00f3re mog\u0105 kszta\u0142towa\u0107 ca\u0142e doros\u0142e \u017cycie.<\/p>\n\n\n\n<p>Dla nastolatk\u00f3w grupa r\u00f3wie\u015bnicza to lustro, w kt\u00f3rym szukaj\u0105 potwierdzenia swojej warto\u015bci. Udzia\u0142 w \u201eszon patrolu\u201d cz\u0119sto nie wynika z agresji, lecz z potrzeby przynale\u017cno\u015bci, uznania, bycia \u201ekim\u015b\u201d w oczach innych. Presja r\u00f3wie\u015bnicza mo\u017ce by\u0107 silniejsza ni\u017c g\u0142os rozs\u0105dku, szczeg\u00f3lnie w wieku, gdy to\u017csamo\u015b\u0107 dopiero si\u0119 kszta\u0142tuje. Z drugiej strony, ofiary tej przemocy, najcz\u0119\u015bciej dziewczynki, do\u015bwiadczaj\u0105 wykluczenia spo\u0142ecznego, stygmatyzacji i l\u0119ku przed r\u00f3wie\u015bnikami. W efekcie wycofuj\u0105 si\u0119 z kontakt\u00f3w, unikaj\u0105 szko\u0142y, zamykaj\u0105 si\u0119 w sobie. A to mo\u017ce prowadzi\u0107 do d\u0142ugotrwa\u0142ych zaburze\u0144 emocjonalnych i spo\u0142ecznych.<\/p>\n\n\n\n<p>Relacje r\u00f3wie\u015bnicze mog\u0105 by\u0107 \u017ar\u00f3d\u0142em wsparcia, ale te\u017c narz\u0119dziem brutalnej hierarchizacji, je\u015bli nie nauczymy dzieci, \u017ce szacunek nie zale\u017cy od wygl\u0105du, ubioru czy \u201epopularno\u015bci\u201d.<\/p>\n\n\n\n<h2 class=\"wp-block-heading\">Algorytmy, kt\u00f3re karmi\u0105 si\u0119 agresj\u0105<\/h2>\n\n\n\n<p>\u201eSzon patrol\u201d nie rozwin\u0105\u0142by si\u0119 bez TikToka, Instagrama i innych platform, kt\u00f3re nagrodzi\u0142y ten trend zasi\u0119giem, lajkami i viralem.<\/p>\n\n\n\n<p>Mechanizmy medi\u00f3w spo\u0142eczno\u015bciowych sprzyjaj\u0105 rozprzestrzenianiu tre\u015bci, kt\u00f3re s\u0105 kontrowersyjne, wy\u015bmiewaj\u0105ce, emocjonalne \u2014 bo to w\u0142a\u015bnie one generuj\u0105 klikni\u0119cia. Dla m\u0142odych os\u00f3b, kt\u00f3re dorastaj\u0105 w \u015bwiecie cyfrowym, popularno\u015b\u0107 w sieci cz\u0119sto staje si\u0119 wa\u017cniejsza ni\u017c realne relacje. A je\u015bli nagranie z wy\u015bmiewania kole\u017canki przynosi tysi\u0105ce wy\u015bwietle\u0144 \u2014 to staje si\u0119 \u201esukcesem\u201d, nie przemoc\u0105.<\/p>\n\n\n\n<p class=\"has-text-align-left\">Potrzebujemy systemowej edukacji medialnej, kt\u00f3ra nauczy m\u0142odych ludzi, \u017ce Internet nie jest stref\u0105 bezkarno\u015bci, a ka\u017cdy klik ma konsekwencje dla nich i dla innych.<\/p>\n\n\n\n<h2 class=\"wp-block-heading\">Dom jako pierwsza linia obrony<\/h2>\n\n\n\n<p>Rodzina to pierwsze \u015brodowisko, w kt\u00f3rym m\u0142ody cz\u0142owiek nasi\u0105ka warto\u015bciami. Je\u015bli w domu brakuje rozmowy, empatii, szacunku, dziecko szuka wzorc\u00f3w gdzie indziej. A Internet, niestety, cz\u0119sto oferuje schematy oparte na dominacji, wy\u015bmiewaniu i rywalizacji. To w\u0142a\u015bnie w rodzinie powinno si\u0119 m\u00f3wi\u0107 o granicach, o godno\u015bci, o tym, \u017ce cz\u0142owieka nie ocenia si\u0119 po wygl\u0105dzie, a si\u0142a nie polega na poni\u017caniu innych. Rodzice nie musz\u0105 zna\u0107 wszystkich trend\u00f3w z TikToka, ale musz\u0105 wiedzie\u0107, co ich dziecko czuje, czego szuka, z kim si\u0119 por\u00f3wnuje. Bo je\u015bli nie rozmawiamy z dzie\u0107mi, to rozmawia z nimi algorytm.<\/p>\n\n\n\n<p>Rodzina nie jest gwarancj\u0105 ochrony, ale mo\u017ce by\u0107 najsilniejsz\u0105 tarcz\u0105 przed przemoc\u0105. I najwa\u017cniejszym miejscem, gdzie uczymy si\u0119, \u017ce cz\u0142owiek to nie obiekt do oceny, tylko istota zas\u0142uguj\u0105ca na szacunek.<\/p>\n\n\n\n<h2 class=\"wp-block-heading\">Prawo w starciu z cyfrowym linczem<\/h2>\n\n\n\n<p>RODO, Kodeks karny, ustawa o ochronie danych osobowych \u2014 wszystkie te akty prawne chroni\u0105 wizerunek i godno\u015b\u0107 os\u00f3b, zw\u0142aszcza nieletnich. W 2025 roku UODO zapowiedzia\u0142 kontrole dotycz\u0105ce przetwarzania danych dzieci. A jednak zjawisko \u201eszon patrolu\u201d rozprzestrzenia si\u0119. Dlaczego? Bo \u015bwiadomo\u015b\u0107 spo\u0142eczna jest zbyt niska. Bo instytucje reaguj\u0105 z op\u00f3\u017anieniem. Bo platformy spo\u0142eczno\u015bciowe nie zawsze dzia\u0142aj\u0105 skutecznie. Bo doro\u015bli cz\u0119sto nie wiedz\u0105, co dzieje si\u0119 w telefonach ich dzieci.<\/p>\n\n\n\n<p>To nie znaczy, \u017ce prawo jest martwe. To znaczy, \u017ce musimy je wspiera\u0107 spo\u0142eczn\u0105 czujno\u015bci\u0105, edukacj\u0105 i natychmiastow\u0105 reakcj\u0105. Bo paragrafy to jedno, ale ich skuteczno\u015b\u0107 zale\u017cy od tego, czy jako spo\u0142ecze\u0144stwo potrafimy powiedzie\u0107: \u201eTo nie jest w porz\u0105dku. I nie b\u0119dziemy tego tolerowa\u0107\u201d.<\/p>\n\n\n\n<h2 class=\"wp-block-heading\">Hejt to nie opinia, to przest\u0119pstwo<\/h2>\n\n\n\n<p>W\u015br\u00f3d komentarzy pojawiaj\u0105 si\u0119 te\u017c skrajnie wulgarne, pe\u0142ne nienawi\u015bci wpisy, kt\u00f3re obra\u017caj\u0105 kobiety, m\u0142odzie\u017c, osoby publiczne. To nie jest wyra\u017canie opinii. To mowa nienawi\u015bci, kt\u00f3ra zgodnie z nowelizacj\u0105 Kodeksu karnego mo\u017ce skutkowa\u0107 kar\u0105 do dw\u00f3ch lat pozbawienia wolno\u015bci.<\/p>\n\n\n\n<p>Nie ma znaczenia, czy kto\u015b nazywa to \u201ej\u0119zykiem polskim\u201d czy \u201epogl\u0105dem politycznym\u201d. Obra\u017canie, szydzenie i pogarda nie s\u0105 chronione przez wolno\u015b\u0107 s\u0142owa. To nie jest debata. To jest przemoc s\u0142owna. I nie ma na ni\u0105 zgody.<\/p>\n\n\n\n<h2 class=\"wp-block-heading\">Lekcja empatii<\/h2>\n\n\n\n<p>Dzieci nie rodz\u0105 si\u0119 z potrzeb\u0105 krzywdzenia. One si\u0119 tego ucz\u0105 w domu, w szkole, w Internecie. Je\u015bli nie zatrzymamy tej przemocy teraz, wychowamy pokolenie, kt\u00f3re uzna j\u0105 za norm\u0119. To nie \u201epoprzewraca\u0142o si\u0119 w g\u0142owach kobiet\u201d. To nie \u201egluty od ziemi chc\u0105 szerzy\u0107 porz\u0105dek\u201d. To nie \u201ebiedroniary po lewym jaju\u201d. To dzieci, kt\u00f3re nie dosta\u0142y narz\u0119dzi do empatii, tylko do oceny i dominacji. To spo\u0142ecze\u0144stwo, kt\u00f3re nie zareagowa\u0142o na czas. To doro\u015bli, kt\u00f3rzy nie nauczyli, \u017ce godno\u015b\u0107 drugiego cz\u0142owieka jest nienaruszalna.<\/p>\n\n\n\n<p>Ten tekst nie ma na celu promowania zjawiska. Ma na celu nag\u0142o\u015bnienie problemu, kt\u00f3ry ju\u017c si\u0119 dzieje. Spo\u0142eczna oboj\u0119tno\u015b\u0107 to przyzwolenie. A milczenie sprawia, \u017ce ofiary czuj\u0105 si\u0119 jeszcze bardziej samotne.<\/p>\n\n\n\n<p>Godno\u015b\u0107 nie zale\u017cy od wieku, p\u0142ci, ubioru ani lajk\u00f3w. Godno\u015b\u0107 jest warto\u015bci\u0105, kt\u00f3r\u0105 musimy chroni\u0107 \u2014 g\u0142o\u015bno.<\/p>\n\n\n\n<p><strong>Dorota Jankowiak-D\u0105browska <\/strong>\u2013 pedagog specjalizuj\u0105ca si\u0119 w resocjalizacji, socjoterapii i terapii pedagogicznej. Absolwentka WSAiB w zakresie marketingu. Tw\u00f3rczyni i realizatorka warsztat\u00f3w edukacyjnych i profilaktycznych dla dzieci i m\u0142odzie\u017cy, \u201eJak nie schrzani\u0107 sobie \u017cycia wchodz\u0105c w konflikt z prawem\u201d. Pracuje z wykorzystaniem metod teatralnych, dramy stosowanej i Teatru Forum. Dyrektor Marketingu Fundacji Pozytywni, zaanga\u017cowana w organizacj\u0119 konferencji, kongres\u00f3w i szkole\u0144. Zara\u017ca mi\u0142o\u015bci\u0105 do teatru, dzieli si\u0119 pozytywnym nastawieniem do cz\u0142owieka. Kocha przyrod\u0119, las i morze.<\/p>\n\n\n\n<p>Tekst pochodzi z 11. numeru rocznika \u201eOtwarte Bramy\u201d. Z pe\u0142n\u0105 tre\u015bci\u0105 czasopisma mo\u017cna zapozna\u0107 si\u0119\u00a0<strong><a href=\"https:\/\/centrumsamopomocy.pl\/wp-content\/uploads\/2025\/11\/Otwarte-Bramy.pdf\" target=\"_blank\" rel=\"noreferrer noopener\">tutaj \u2013 kliknij i sprawd\u017a<\/a><\/strong>.<\/p>\n","protected":false},"excerpt":{"rendered":"<p>W polskich miastach, od Warszawy po Rybnik, pojawi\u0142o si\u0119 zjawisko, kt\u00f3re z pozoru wygl\u0105da jak m\u0142odzie\u017cowy \u017cart. Grupy nastolatk\u00f3w, cz\u0119sto ubranych w charakterystyczne kamizelki, nagrywaj\u0105 dziewczynki w przestrzeni publicznej, komentuj\u0105c ich wygl\u0105d i zachowanie w spos\u00f3b pogardliwy, a nast\u0119pnie publikuj\u0105 te nagrania w Internecie. Zjawisko nazwane \u201eszon patrolem\u201d rozprzestrzenia si\u0119 b\u0142yskawicznie. I nie \u2014 to [&hellip;]<\/p>\n","protected":false},"author":1,"featured_media":2653,"comment_status":"closed","ping_status":"closed","sticky":false,"template":"","format":"standard","meta":{"_monsterinsights_skip_tracking":false,"_monsterinsights_sitenote_active":false,"_monsterinsights_sitenote_note":"","_monsterinsights_sitenote_category":0,"footnotes":""},"categories":[1],"tags":[],"class_list":["post-2651","post","type-post","status-publish","format-standard","has-post-thumbnail","hentry","category-wszystkie"],"aioseo_notices":[],"magazineBlocksPostFeaturedMedia":{"thumbnail":"https:\/\/centrumsamopomocy.pl\/latarnik\/wp-content\/uploads\/2026\/03\/Ilustracyjne-13-150x150.jpg","medium":"https:\/\/centrumsamopomocy.pl\/latarnik\/wp-content\/uploads\/2026\/03\/Ilustracyjne-13-300x151.jpg","medium_large":"https:\/\/centrumsamopomocy.pl\/latarnik\/wp-content\/uploads\/2026\/03\/Ilustracyjne-13-768x385.jpg","large":"https:\/\/centrumsamopomocy.pl\/latarnik\/wp-content\/uploads\/2026\/03\/Ilustracyjne-13-1024x514.jpg","1536x1536":"https:\/\/centrumsamopomocy.pl\/latarnik\/wp-content\/uploads\/2026\/03\/Ilustracyjne-13-1536x771.jpg","2048x2048":"https:\/\/centrumsamopomocy.pl\/latarnik\/wp-content\/uploads\/2026\/03\/Ilustracyjne-13.jpg"},"magazineBlocksPostAuthor":{"name":"Pracownia Latarnik","avatar":"https:\/\/secure.gravatar.com\/avatar\/4d57a8b00d097dc665b1acf25e79882e15157ad223521db56d2ecbf772fa5174?s=96&d=mm&r=g"},"magazineBlocksPostCommentsNumber":false,"magazineBlocksPostExcerpt":"W polskich miastach, od Warszawy po Rybnik, pojawi\u0142o si\u0119 zjawisko, kt\u00f3re z pozoru wygl\u0105da jak m\u0142odzie\u017cowy \u017cart. Grupy nastolatk\u00f3w, cz\u0119sto ubranych w charakterystyczne kamizelki, nagrywaj\u0105 dziewczynki w przestrzeni publicznej, komentuj\u0105c ich wygl\u0105d i zachowanie w spos\u00f3b pogardliwy, a nast\u0119pnie publikuj\u0105 te nagrania w Internecie. Zjawisko nazwane \u201eszon patrolem\u201d rozprzestrzenia si\u0119 b\u0142yskawicznie. I nie \u2014 to [&hellip;]","magazineBlocksPostCategories":["Wszystkie"],"magazineBlocksPostViewCount":36,"magazineBlocksPostReadTime":7,"magazine_blocks_featured_image_url":{"full":["https:\/\/centrumsamopomocy.pl\/latarnik\/wp-content\/uploads\/2026\/03\/Ilustracyjne-13.jpg",1614,810,false],"medium":["https:\/\/centrumsamopomocy.pl\/latarnik\/wp-content\/uploads\/2026\/03\/Ilustracyjne-13-300x151.jpg",300,151,true],"thumbnail":["https:\/\/centrumsamopomocy.pl\/latarnik\/wp-content\/uploads\/2026\/03\/Ilustracyjne-13-150x150.jpg",150,150,true]},"magazine_blocks_author":{"display_name":"Pracownia Latarnik","author_link":"https:\/\/centrumsamopomocy.pl\/latarnik\/?author=1"},"magazine_blocks_comment":0,"magazine_blocks_author_image":"https:\/\/secure.gravatar.com\/avatar\/4d57a8b00d097dc665b1acf25e79882e15157ad223521db56d2ecbf772fa5174?s=96&d=mm&r=g","magazine_blocks_category":"<a href=\"#\" class=\"category-link category-link-1\">Wszystkie<\/a>","_links":{"self":[{"href":"https:\/\/centrumsamopomocy.pl\/latarnik\/index.php?rest_route=\/wp\/v2\/posts\/2651","targetHints":{"allow":["GET"]}}],"collection":[{"href":"https:\/\/centrumsamopomocy.pl\/latarnik\/index.php?rest_route=\/wp\/v2\/posts"}],"about":[{"href":"https:\/\/centrumsamopomocy.pl\/latarnik\/index.php?rest_route=\/wp\/v2\/types\/post"}],"author":[{"embeddable":true,"href":"https:\/\/centrumsamopomocy.pl\/latarnik\/index.php?rest_route=\/wp\/v2\/users\/1"}],"replies":[{"embeddable":true,"href":"https:\/\/centrumsamopomocy.pl\/latarnik\/index.php?rest_route=%2Fwp%2Fv2%2Fcomments&post=2651"}],"version-history":[{"count":4,"href":"https:\/\/centrumsamopomocy.pl\/latarnik\/index.php?rest_route=\/wp\/v2\/posts\/2651\/revisions"}],"predecessor-version":[{"id":2656,"href":"https:\/\/centrumsamopomocy.pl\/latarnik\/index.php?rest_route=\/wp\/v2\/posts\/2651\/revisions\/2656"}],"wp:featuredmedia":[{"embeddable":true,"href":"https:\/\/centrumsamopomocy.pl\/latarnik\/index.php?rest_route=\/wp\/v2\/media\/2653"}],"wp:attachment":[{"href":"https:\/\/centrumsamopomocy.pl\/latarnik\/index.php?rest_route=%2Fwp%2Fv2%2Fmedia&parent=2651"}],"wp:term":[{"taxonomy":"category","embeddable":true,"href":"https:\/\/centrumsamopomocy.pl\/latarnik\/index.php?rest_route=%2Fwp%2Fv2%2Fcategories&post=2651"},{"taxonomy":"post_tag","embeddable":true,"href":"https:\/\/centrumsamopomocy.pl\/latarnik\/index.php?rest_route=%2Fwp%2Fv2%2Ftags&post=2651"}],"curies":[{"name":"wp","href":"https:\/\/api.w.org\/{rel}","templated":true}]}}