{"id":2508,"date":"2025-11-07T08:13:11","date_gmt":"2025-11-07T07:13:11","guid":{"rendered":"https:\/\/centrumsamopomocy.pl\/latarnik\/?p=2508"},"modified":"2025-11-07T09:08:41","modified_gmt":"2025-11-07T08:08:41","slug":"podsumowanie-ix-forum-samopomocy-w-gdyni","status":"publish","type":"post","link":"https:\/\/centrumsamopomocy.pl\/latarnik\/?p=2508","title":{"rendered":"Podsumowanie IX Forum Samopomocy w Gdyni"},"content":{"rendered":"\n<p><strong>9 pa\u017adziernika 2025 roku w&nbsp;Gdy\u0144skim Centrum Kultury spotkali si\u0119 ludzie, kt\u00f3rych&nbsp;\u0142\u0105czy wsp\u00f3lna idea \u2014&nbsp;wzajemne wsparcie, otwarto\u015b\u0107 i&nbsp;rozwijanie dzia\u0142a\u0144 samopomocowych. Forum \u201eSolidarni w&nbsp;kryzysie, ka\u017cdy ma&nbsp;prawo do&nbsp;s\u0142abo\u015bci\u201d by\u0142o przestrzeni\u0105 do&nbsp;rozm\u00f3w, inspiracji i&nbsp;dzielenia si\u0119 do\u015bwiadczeniem.<\/strong><\/p>\n\n\n\n<p>Poranek wype\u0142ni\u0142y dyskusje i&nbsp;wyst\u0105pienia, kt\u00f3re dotyczy\u0142y m.in.&nbsp;roli samopomocy w&nbsp;coraz bardziej sformalizowanym \u015bwiecie, wyzwa\u0144 stoj\u0105cych przed&nbsp;klubami i&nbsp;domami samopomocy oraz&nbsp;przysz\u0142o\u015bci zawodu asystenta zdrowienia. W&nbsp;panelach uczestniczyli przedstawiciele r\u00f3\u017cnych \u015brodowisk : profesjonali\u015bci, pracownicy instytucji oraz&nbsp;organizacji pozarz\u0105dowych, mi\u0119dzy innymi Izabela Karolewska, Hubert Kaszy\u0144ski, Jacek Klewicki i&nbsp;Joanna Rogalska, jak r\u00f3wnie\u017c osoby z&nbsp;do\u015bwiadczeniem kryzysu psychicznego.<\/p>\n\n\n\n<p>Szczeg\u00f3lnie wzruszaj\u0105cym momentem by\u0142o wr\u0119czenie nagr\u00f3d laureatom&nbsp;<strong>konkursu literackiego \u201eOpowiedz swoj\u0105 histori\u0119\u201d<\/strong>, w&nbsp;kt\u00f3rym&nbsp;uczestnicy dzielili si\u0119 osobistymi opowie\u015bciami o&nbsp;drodze przez&nbsp;kryzys, odzyskiwaniu nadziei i&nbsp;sile p\u0142yn\u0105cej z&nbsp;do\u015bwiadczenia. Ka\u017cdy tekst by\u0142 wyj\u0105tkowym \u015bwiadectwem odwagi i&nbsp;autentyczno\u015bci.&nbsp;<br>Uczestnicy mieli mo\u017cliwo\u015b\u0107 przes\u0142ania swoich tekst\u00f3w zwi\u0105zanych z&nbsp;tematem zdrowia psychicznego w&nbsp;czterech kategoriach: poezja, proza, \u201cMoja historia zdrowienia\u201d oraz&nbsp;kompozycje literacko-obrazowe.<\/p>\n\n\n<div class=\"wp-block-image\">\n<figure class=\"aligncenter size-large is-resized\"><img loading=\"lazy\" decoding=\"async\" width=\"1024\" height=\"768\" src=\"https:\/\/centrumsamopomocy.pl\/latarnik\/wp-content\/uploads\/2025\/11\/571181324_122112183219006282_7539995959235559571_n-1-1024x768.jpg\" alt=\"\" class=\"wp-image-2510\" style=\"width:712px;height:auto\" srcset=\"https:\/\/centrumsamopomocy.pl\/latarnik\/wp-content\/uploads\/2025\/11\/571181324_122112183219006282_7539995959235559571_n-1-1024x768.jpg 1024w, https:\/\/centrumsamopomocy.pl\/latarnik\/wp-content\/uploads\/2025\/11\/571181324_122112183219006282_7539995959235559571_n-1-300x225.jpg 300w, https:\/\/centrumsamopomocy.pl\/latarnik\/wp-content\/uploads\/2025\/11\/571181324_122112183219006282_7539995959235559571_n-1-768x576.jpg 768w, https:\/\/centrumsamopomocy.pl\/latarnik\/wp-content\/uploads\/2025\/11\/571181324_122112183219006282_7539995959235559571_n-1-1536x1152.jpg 1536w, https:\/\/centrumsamopomocy.pl\/latarnik\/wp-content\/uploads\/2025\/11\/571181324_122112183219006282_7539995959235559571_n-1.jpg 2048w\" sizes=\"auto, (max-width: 1024px) 100vw, 1024px\" \/><\/figure>\n<\/div>\n\n\n<p>Na&nbsp;autor\u00f3w najlepszych prac czeka\u0142y wyj\u0105tkowe nagrody, w\u0142\u0105cznie z&nbsp;pami\u0105tkow\u0105 statuetk\u0105 oraz&nbsp;publikacj\u0105 ich utwor\u00f3w. Dodatkowo, wybrane prace zostan\u0105 zaprezentowane w&nbsp;formie audio. Celem konkursu by\u0142o stworzenie przestrzeni do&nbsp;dzielenia si\u0119 historiami, inspirowania innych oraz&nbsp;podniesienia \u015bwiadomo\u015bci na&nbsp;temat zdrowia psychicznego. Jacek Kubiak zwyci\u0119\u017cy\u0142 w&nbsp;kategorii poezji, Kasia Koy w&nbsp;kategorii prozy, Sandra Sobo\u0144 w&nbsp;kategorii kompozycji literacko-obrazowej, a&nbsp;Natalia Stasiaczek zwyci\u0119\u017cy\u0142a w&nbsp;kategorii historii zdrowienia.<\/p>\n\n\n\n<p><strong>Popo\u0142udniowa cz\u0119\u015b\u0107 Forum up\u0142yn\u0119\u0142a pod\u00a0znakiem warsztat\u00f3w, kt\u00f3re pozwala\u0142y rozwija\u0107 r\u00f3\u017cne perspektywy i\u00a0talenty.<\/strong><\/p>\n\n\n\n<p>Na\u00a0warsztacie \u201eFan Zin\u201d, kt\u00f3re prowadzi\u0142y Bogumi\u0142a Richert i\u00a0Sabina Von Houter uczestnicy tworzyli w\u0142asne ksi\u0105\u017ceczki pt.\u00a0\u201eCo mi\u00a0daje si\u0142\u0119 do\u00a0dzia\u0142ania?\u201d, ozdabiaj\u0105c je\u00a0kola\u017cami i\u00a0papeteriami, a\u00a0nast\u0119pnie dziel\u0105c si\u0119 refleksjami o\u00a0tym, co\u00a0ich motywuje.<\/p>\n\n\n<div class=\"wp-block-image\">\n<figure class=\"aligncenter size-large is-resized\"><img loading=\"lazy\" decoding=\"async\" width=\"1024\" height=\"683\" src=\"https:\/\/centrumsamopomocy.pl\/latarnik\/wp-content\/uploads\/2025\/11\/IMG_0095-1024x683.jpg\" alt=\"\" class=\"wp-image-2512\" style=\"width:728px;height:auto\" srcset=\"https:\/\/centrumsamopomocy.pl\/latarnik\/wp-content\/uploads\/2025\/11\/IMG_0095-1024x683.jpg 1024w, https:\/\/centrumsamopomocy.pl\/latarnik\/wp-content\/uploads\/2025\/11\/IMG_0095-300x200.jpg 300w, https:\/\/centrumsamopomocy.pl\/latarnik\/wp-content\/uploads\/2025\/11\/IMG_0095-768x512.jpg 768w, https:\/\/centrumsamopomocy.pl\/latarnik\/wp-content\/uploads\/2025\/11\/IMG_0095-1536x1024.jpg 1536w, https:\/\/centrumsamopomocy.pl\/latarnik\/wp-content\/uploads\/2025\/11\/IMG_0095.jpg 1920w\" sizes=\"auto, (max-width: 1024px) 100vw, 1024px\" \/><\/figure>\n<\/div>\n\n\n<p>W\u00a0warsztacie \u201eLatarnik \u2013 swoj\u0105 histori\u0105 daj innym nadziej\u0119\u201d, kt\u00f3ry\u00a0poprowadzi\u0142 Przemys\u0142aw Szczygie\u0142, pracownicy samopomocowi tworzyli mapy my\u015bli i\u00a0uczyli si\u0119, jak poprzez anga\u017cuj\u0105ce opowie\u015bci nie\u015b\u0107 wsparcie innym.\u00a0<\/p>\n\n\n<div class=\"wp-block-image\">\n<figure class=\"aligncenter size-large is-resized\"><img loading=\"lazy\" decoding=\"async\" width=\"1024\" height=\"768\" src=\"https:\/\/centrumsamopomocy.pl\/latarnik\/wp-content\/uploads\/2025\/11\/573274789_122112183033006282_8033282822902009023_n-1024x768.jpg\" alt=\"\" class=\"wp-image-2513\" style=\"width:736px;height:auto\" srcset=\"https:\/\/centrumsamopomocy.pl\/latarnik\/wp-content\/uploads\/2025\/11\/573274789_122112183033006282_8033282822902009023_n-1024x768.jpg 1024w, https:\/\/centrumsamopomocy.pl\/latarnik\/wp-content\/uploads\/2025\/11\/573274789_122112183033006282_8033282822902009023_n-300x225.jpg 300w, https:\/\/centrumsamopomocy.pl\/latarnik\/wp-content\/uploads\/2025\/11\/573274789_122112183033006282_8033282822902009023_n-768x576.jpg 768w, https:\/\/centrumsamopomocy.pl\/latarnik\/wp-content\/uploads\/2025\/11\/573274789_122112183033006282_8033282822902009023_n-1536x1152.jpg 1536w, https:\/\/centrumsamopomocy.pl\/latarnik\/wp-content\/uploads\/2025\/11\/573274789_122112183033006282_8033282822902009023_n.jpg 2048w\" sizes=\"auto, (max-width: 1024px) 100vw, 1024px\" \/><\/figure>\n<\/div>\n\n\n<p>Podczas spotkania \u201eKim jest asystent zdrowienia i&nbsp;jak nim zosta\u0107?\u201d prowadzonego przez&nbsp;Jacka Klewickiego i&nbsp;Joann\u0119 Rogalsk\u0105 toczy\u0142y si\u0119 rozmowy o&nbsp;roli, odpowiedzialno\u015bci i&nbsp;potencjale os\u00f3b wspieraj\u0105cych innych w&nbsp;zdrowieniu.<\/p>\n\n\n\n<p>Na&nbsp;warsztacie \u201eZnaczenie traumy psychologicznej w&nbsp;codziennym funkcjonowaniu\u201d odby\u0142 si\u0119 wyk\u0142ad i&nbsp;dyskusja, kt\u00f3re pomog\u0142y lepiej zrozumie\u0107 wp\u0142yw trudnych do\u015bwiadcze\u0144 na&nbsp;codzienne \u017cycie.<\/p>\n\n\n<div class=\"wp-block-image\">\n<figure class=\"aligncenter size-large is-resized\"><img loading=\"lazy\" decoding=\"async\" width=\"1024\" height=\"683\" src=\"https:\/\/centrumsamopomocy.pl\/latarnik\/wp-content\/uploads\/2025\/11\/IMG_0137-1024x683.jpg\" alt=\"\" class=\"wp-image-2514\" style=\"width:767px;height:auto\" srcset=\"https:\/\/centrumsamopomocy.pl\/latarnik\/wp-content\/uploads\/2025\/11\/IMG_0137-1024x683.jpg 1024w, https:\/\/centrumsamopomocy.pl\/latarnik\/wp-content\/uploads\/2025\/11\/IMG_0137-300x200.jpg 300w, https:\/\/centrumsamopomocy.pl\/latarnik\/wp-content\/uploads\/2025\/11\/IMG_0137-768x512.jpg 768w, https:\/\/centrumsamopomocy.pl\/latarnik\/wp-content\/uploads\/2025\/11\/IMG_0137-1536x1024.jpg 1536w, https:\/\/centrumsamopomocy.pl\/latarnik\/wp-content\/uploads\/2025\/11\/IMG_0137.jpg 1920w\" sizes=\"auto, (max-width: 1024px) 100vw, 1024px\" \/><\/figure>\n<\/div>\n\n\n<p>Ca\u0142o\u015b\u0107 dope\u0142nia\u0142a poruszaj\u0105ca wystawa \u201eT\u0119tno Chwili\u201d, na&nbsp;kt\u00f3rej&nbsp;uczestnicy zaj\u0119\u0107 samopomocowych z&nbsp;Centrum Samopomocy w&nbsp;Gdyni ukazali serce jako metafor\u0119 r\u00f3\u017cnych etap\u00f3w kryzysu psychicznego \u2013 od&nbsp;b\u00f3lu po&nbsp;nadziej\u0119.<\/p>\n\n\n\n<p><strong>Forum zako\u0144czy\u0142o si\u0119 wsp\u00f3lnym podsumowaniem<\/strong>, wdzi\u0119czno\u015bci\u0105 i&nbsp;poczuciem, \u017ce&nbsp;solidarno\u015b\u0107 w&nbsp;kryzysie naprawd\u0119 ma&nbsp;sens. Bo&nbsp;ka\u017cdy z&nbsp;nas ma&nbsp;prawo do&nbsp;s\u0142abo\u015bci \u2014&nbsp;i&nbsp;ka\u017cdy mo\u017ce znale\u017a\u0107 w&nbsp;niej si\u0142\u0119.&nbsp;<\/p>\n","protected":false},"excerpt":{"rendered":"<p>9 pa\u017adziernika 2025 roku w&nbsp;Gdy\u0144skim Centrum Kultury spotkali si\u0119 ludzie, kt\u00f3rych&nbsp;\u0142\u0105czy wsp\u00f3lna idea \u2014&nbsp;wzajemne wsparcie, otwarto\u015b\u0107 i&nbsp;rozwijanie dzia\u0142a\u0144 samopomocowych. Forum \u201eSolidarni w&nbsp;kryzysie, ka\u017cdy ma&nbsp;prawo do&nbsp;s\u0142abo\u015bci\u201d by\u0142o przestrzeni\u0105 do&nbsp;rozm\u00f3w, inspiracji i&nbsp;dzielenia si\u0119 do\u015bwiadczeniem. Poranek wype\u0142ni\u0142y dyskusje i&nbsp;wyst\u0105pienia, kt\u00f3re dotyczy\u0142y m.in.&nbsp;roli samopomocy w&nbsp;coraz bardziej sformalizowanym \u015bwiecie, wyzwa\u0144 stoj\u0105cych przed&nbsp;klubami i&nbsp;domami samopomocy oraz&nbsp;przysz\u0142o\u015bci zawodu asystenta zdrowienia. W&nbsp;panelach uczestniczyli [&hellip;]<\/p>\n","protected":false},"author":1,"featured_media":2511,"comment_status":"closed","ping_status":"closed","sticky":false,"template":"","format":"standard","meta":{"_monsterinsights_skip_tracking":false,"_monsterinsights_sitenote_active":false,"_monsterinsights_sitenote_note":"","_monsterinsights_sitenote_category":0,"footnotes":""},"categories":[1],"tags":[],"class_list":["post-2508","post","type-post","status-publish","format-standard","has-post-thumbnail","hentry","category-wszystkie"],"aioseo_notices":[],"magazineBlocksPostFeaturedMedia":{"thumbnail":"https:\/\/centrumsamopomocy.pl\/latarnik\/wp-content\/uploads\/2025\/11\/hghg-150x150.jpg","medium":"https:\/\/centrumsamopomocy.pl\/latarnik\/wp-content\/uploads\/2025\/11\/hghg-300x169.jpg","medium_large":"https:\/\/centrumsamopomocy.pl\/latarnik\/wp-content\/uploads\/2025\/11\/hghg-768x432.jpg","large":"https:\/\/centrumsamopomocy.pl\/latarnik\/wp-content\/uploads\/2025\/11\/hghg-1024x576.jpg","1536x1536":"https:\/\/centrumsamopomocy.pl\/latarnik\/wp-content\/uploads\/2025\/11\/hghg-1536x864.jpg","2048x2048":"https:\/\/centrumsamopomocy.pl\/latarnik\/wp-content\/uploads\/2025\/11\/hghg.jpg"},"magazineBlocksPostAuthor":{"name":"Pracownia Latarnik","avatar":"https:\/\/secure.gravatar.com\/avatar\/4d57a8b00d097dc665b1acf25e79882e15157ad223521db56d2ecbf772fa5174?s=96&d=mm&r=g"},"magazineBlocksPostCommentsNumber":false,"magazineBlocksPostExcerpt":"9 pa\u017adziernika 2025 roku w&nbsp;Gdy\u0144skim Centrum Kultury spotkali si\u0119 ludzie, kt\u00f3rych&nbsp;\u0142\u0105czy wsp\u00f3lna idea \u2014&nbsp;wzajemne wsparcie, otwarto\u015b\u0107 i&nbsp;rozwijanie dzia\u0142a\u0144 samopomocowych. Forum \u201eSolidarni w&nbsp;kryzysie, ka\u017cdy ma&nbsp;prawo do&nbsp;s\u0142abo\u015bci\u201d by\u0142o przestrzeni\u0105 do&nbsp;rozm\u00f3w, inspiracji i&nbsp;dzielenia si\u0119 do\u015bwiadczeniem. Poranek wype\u0142ni\u0142y dyskusje i&nbsp;wyst\u0105pienia, kt\u00f3re dotyczy\u0142y m.in.&nbsp;roli samopomocy w&nbsp;coraz bardziej sformalizowanym \u015bwiecie, wyzwa\u0144 stoj\u0105cych przed&nbsp;klubami i&nbsp;domami samopomocy oraz&nbsp;przysz\u0142o\u015bci zawodu asystenta zdrowienia. W&nbsp;panelach uczestniczyli [&hellip;]","magazineBlocksPostCategories":["Wszystkie"],"magazineBlocksPostViewCount":158,"magazineBlocksPostReadTime":3,"magazine_blocks_featured_image_url":{"full":["https:\/\/centrumsamopomocy.pl\/latarnik\/wp-content\/uploads\/2025\/11\/hghg.jpg",2048,1152,false],"medium":["https:\/\/centrumsamopomocy.pl\/latarnik\/wp-content\/uploads\/2025\/11\/hghg-300x169.jpg",300,169,true],"thumbnail":["https:\/\/centrumsamopomocy.pl\/latarnik\/wp-content\/uploads\/2025\/11\/hghg-150x150.jpg",150,150,true]},"magazine_blocks_author":{"display_name":"Pracownia Latarnik","author_link":"https:\/\/centrumsamopomocy.pl\/latarnik\/?author=1"},"magazine_blocks_comment":0,"magazine_blocks_author_image":"https:\/\/secure.gravatar.com\/avatar\/4d57a8b00d097dc665b1acf25e79882e15157ad223521db56d2ecbf772fa5174?s=96&d=mm&r=g","magazine_blocks_category":"<a href=\"#\" class=\"category-link category-link-1\">Wszystkie<\/a>","_links":{"self":[{"href":"https:\/\/centrumsamopomocy.pl\/latarnik\/index.php?rest_route=\/wp\/v2\/posts\/2508","targetHints":{"allow":["GET"]}}],"collection":[{"href":"https:\/\/centrumsamopomocy.pl\/latarnik\/index.php?rest_route=\/wp\/v2\/posts"}],"about":[{"href":"https:\/\/centrumsamopomocy.pl\/latarnik\/index.php?rest_route=\/wp\/v2\/types\/post"}],"author":[{"embeddable":true,"href":"https:\/\/centrumsamopomocy.pl\/latarnik\/index.php?rest_route=\/wp\/v2\/users\/1"}],"replies":[{"embeddable":true,"href":"https:\/\/centrumsamopomocy.pl\/latarnik\/index.php?rest_route=%2Fwp%2Fv2%2Fcomments&post=2508"}],"version-history":[{"count":6,"href":"https:\/\/centrumsamopomocy.pl\/latarnik\/index.php?rest_route=\/wp\/v2\/posts\/2508\/revisions"}],"predecessor-version":[{"id":2522,"href":"https:\/\/centrumsamopomocy.pl\/latarnik\/index.php?rest_route=\/wp\/v2\/posts\/2508\/revisions\/2522"}],"wp:featuredmedia":[{"embeddable":true,"href":"https:\/\/centrumsamopomocy.pl\/latarnik\/index.php?rest_route=\/wp\/v2\/media\/2511"}],"wp:attachment":[{"href":"https:\/\/centrumsamopomocy.pl\/latarnik\/index.php?rest_route=%2Fwp%2Fv2%2Fmedia&parent=2508"}],"wp:term":[{"taxonomy":"category","embeddable":true,"href":"https:\/\/centrumsamopomocy.pl\/latarnik\/index.php?rest_route=%2Fwp%2Fv2%2Fcategories&post=2508"},{"taxonomy":"post_tag","embeddable":true,"href":"https:\/\/centrumsamopomocy.pl\/latarnik\/index.php?rest_route=%2Fwp%2Fv2%2Ftags&post=2508"}],"curies":[{"name":"wp","href":"https:\/\/api.w.org\/{rel}","templated":true}]}}