{"id":2494,"date":"2025-11-16T10:00:00","date_gmt":"2025-11-16T09:00:00","guid":{"rendered":"https:\/\/centrumsamopomocy.pl\/latarnik\/?p=2494"},"modified":"2025-11-19T19:26:05","modified_gmt":"2025-11-19T18:26:05","slug":"tworczosc-oczyszcza-rozmowa-z-grzegorzem-westphalem","status":"publish","type":"post","link":"https:\/\/centrumsamopomocy.pl\/latarnik\/?p=2494","title":{"rendered":"Tw\u00f3rczo\u015b\u0107 oczyszcza. Rozmowa z Grzegorzem Westphalem"},"content":{"rendered":"\n<h3 class=\"wp-block-heading\">\u017bycie mi\u0119dzy s\u0142owami<\/h3>\n\n\n\n<p>Grzegorz Westphal ma 54 lata i mieszka w Gdyni. Przez wiele lat by\u0142 zwi\u0105zany z dzielnic\u0105 Ob\u0142u\u017ce. Choruje na depresj\u0119 \u2014 ale nie poddaje si\u0119. Tworzy wiersze, robi zdj\u0119cia, dzieli si\u0119 tym, co daje innym nadziej\u0119. Jako nastolatek, trafi\u0142 na oddzia\u0142 szpitalny i tam napisa\u0142 pami\u0119tnik. Z pami\u0119tnika narodzi\u0142a si\u0119 poezja, a z choroby \u2014 inspiracja. M\u00f3wi, \u017ce wiele utwor\u00f3w zgin\u0119\u0142o, ale setki pozosta\u0142y i kiedy\u015b chcia\u0142by zebra\u0107 je w tomik.<\/p>\n\n\n\n<hr class=\"wp-block-separator has-alpha-channel-opacity\"\/>\n\n\n\n<h3 class=\"wp-block-heading\">Poezja jako katharsis<\/h3>\n\n\n\n<p>Ucieczka od cierpienia? Nie. To raczej spos\u00f3b, by stan\u0105\u0107 twarz\u0105 w twarz z b\u00f3lem i nada\u0107 mu sens. Tw\u00f3rczo\u015b\u0107 sta\u0142a si\u0119 przestrzeni\u0105, w kt\u00f3rej choroba straci\u0142a swoj\u0105 moc, a s\u0142owa sta\u0142y si\u0119 ukojeniem.<\/p>\n\n\n\n<p>W jego pocz\u0105tkowych utworach dominuje mroczna tematyka i pojawia si\u0119 smutek, opis stanu wewn\u0119trznego. Z ka\u017cd\u0105 kolejn\u0105 prac\u0105 wiersze staj\u0105 si\u0119 bardziej metaforyczne, czasem abstrakcyjne. Styl pozostaje \u2013 jest szczery, surowy, a sam autor podkre\u015bla, \u017ce to jego atut.<\/p>\n\n\n\n<hr class=\"wp-block-separator has-alpha-channel-opacity\"\/>\n\n\n\n<h3 class=\"wp-block-heading\">Powracaj\u0105ce w\u0105tki<\/h3>\n\n\n\n<p>W tw\u00f3rczo\u015bci autora cz\u0119sto pojawiaj\u0105 si\u0119 tematy nadaj\u0105ce tekstom emocjonaln\u0105 intensywno\u015b\u0107. Jednym z najwa\u017cniejszych jest kobieta \u2013 symbol mi\u0142o\u015bci, fascynacji i t\u0119sknoty za \u017con\u0105. Obecna jest walka wewn\u0119trzna, samotno\u015b\u0107 i zagubienie, cz\u0119sto przejawiaj\u0105ce si\u0119 w poczuciu niezrozumienia. Autor odwa\u017cnie podejmuje trudne tematy i ukazuje ludzk\u0105 z\u0142o\u017cono\u015b\u0107.<\/p>\n\n\n\n<p>Dla pana Grzegorza wa\u017cna jest r\u00f3wnie\u017c duchowo\u015b\u0107 \u2013 w tekstach pojawiaj\u0105 si\u0119 odniesienia do religii, \u015bwi\u0119to\u015bci oraz inspiracje apokaliptyczne.<\/p>\n\n\n\n<p>W okresie pandemii wyra\u017anie zaznaczy\u0142y si\u0119 tematy przemijania i izolacji, kt\u00f3re podkre\u015blaj\u0105 krucho\u015b\u0107 \u017cycia.<\/p>\n\n\n\n<p>J\u0119zyk autora bywa zar\u00f3wno subtelny, jak i dosadny.<\/p>\n\n\n\n<hr class=\"wp-block-separator has-alpha-channel-opacity\"\/>\n\n\n\n<p><strong>Poezja, kt\u00f3ra zostaje w pami\u0119ci<\/strong><\/p>\n\n\n\n<p>We wsp\u00f3lnej rozmowie Grzegorz zaprezentowa\u0142 nam swoje dwa utwory:<\/p>\n\n\n\n<p><strong>\u201eKredo\u201d<\/strong><\/p>\n\n\n\n<blockquote class=\"wp-block-quote is-layout-flow wp-block-quote-is-layout-flow\">\n<p>\u201eJej twarz jak szk\u0142o, jak srebro mieni\u0105ce si\u0119 \/ u\u015bmiechni\u0119te wargi po\u0142yskuj\u0105 \/ \u015awieci nade mn\u0105 jak gwiazda\u201d<\/p>\n<\/blockquote>\n\n\n\n<p><strong>Wiersz bez tytu\u0142u<\/strong><\/p>\n\n\n\n<blockquote class=\"wp-block-quote is-layout-flow wp-block-quote-is-layout-flow\">\n<p>\u201eDojrza\u0142em stuletniego starca, \/ a obok dziewice. Imi\u0119 jej czarnow\u0142osa\u2026 \/ W jednej chwili dziewica zmienia si\u0119 w kobiet\u0119.\u201d<\/p>\n<\/blockquote>\n\n\n\n<p>J\u0119zyk religijny miesza si\u0119 tu z obrazami cielesno\u015bci \u2014 to bardzo osobiste przestrzenie pe\u0142ne pi\u0119knych metafor.<\/p>\n\n\n\n<hr class=\"wp-block-separator has-alpha-channel-opacity\"\/>\n\n\n\n<h3 class=\"wp-block-heading\">Tw\u00f3rcza metoda i relacje<\/h3>\n\n\n\n<p>Grzegorz pisa\u0142 w momentach natchnienia. Wiersze czasem \u201ewyp\u0142ywaj\u0105\u201d z niego w jednym ci\u0105gu. Znajomy pomaga mu czasem skre\u015bli\u0107 lub wskaza\u0107, co warto zostawi\u0107. Ale on sam wybiera te utwory, kt\u00f3re lubi najbardziej. Kiedy\u015b cz\u0119sto wyst\u0119powa\u0142 na gdy\u0144skiej Przystani Poetyckiej Strych, bra\u0142 udzia\u0142 w konkursach. Obecnie woli pisa\u0107 w samotno\u015bci i we w\u0142asnym rytmie.<\/p>\n\n\n\n<hr class=\"wp-block-separator has-alpha-channel-opacity\"\/>\n\n\n\n<h3 class=\"wp-block-heading\">Przes\u0142anie dla tych, kt\u00f3rzy tworz\u0105<\/h3>\n\n\n\n<p>Jego przes\u0142anie jest proste, ale potrzebne:<\/p>\n\n\n\n<blockquote class=\"wp-block-quote is-layout-flow wp-block-quote-is-layout-flow\">\n<p>\u201e<em>Nie niszczcie swoich wierszy. Niech to b\u0119dzie oczko w waszej g\u0142owie \u2014 tam, gdzie trzyma si\u0119 nadziej\u0119.\u201d<\/em><\/p>\n<\/blockquote>\n\n\n\n<p>Autor: Magda Wosztyl<\/p>\n","protected":false},"excerpt":{"rendered":"<p>\u017bycie mi\u0119dzy s\u0142owami Grzegorz Westphal ma 54 lata i mieszka w Gdyni. Przez wiele lat by\u0142 zwi\u0105zany z dzielnic\u0105 Ob\u0142u\u017ce. Choruje na depresj\u0119 \u2014 ale nie poddaje si\u0119. Tworzy wiersze, robi zdj\u0119cia, dzieli si\u0119 tym, co daje innym nadziej\u0119. Jako nastolatek, trafi\u0142 na oddzia\u0142 szpitalny i tam napisa\u0142 pami\u0119tnik. Z pami\u0119tnika narodzi\u0142a si\u0119 poezja, a [&hellip;]<\/p>\n","protected":false},"author":1,"featured_media":2540,"comment_status":"closed","ping_status":"closed","sticky":false,"template":"","format":"standard","meta":{"_monsterinsights_skip_tracking":false,"_monsterinsights_sitenote_active":false,"_monsterinsights_sitenote_note":"","_monsterinsights_sitenote_category":0,"footnotes":""},"categories":[1],"tags":[57,72,61,73,59,58,62],"class_list":["post-2494","post","type-post","status-publish","format-standard","has-post-thumbnail","hentry","category-wszystkie","tag-depresja","tag-poezja","tag-sztuka","tag-wiersze","tag-zaburzenia-depresyjne","tag-zdrowie-psychiczne","tag-zdrowienie"],"aioseo_notices":[],"magazineBlocksPostFeaturedMedia":{"thumbnail":"https:\/\/centrumsamopomocy.pl\/latarnik\/wp-content\/uploads\/2025\/11\/Ilustracyjne-7-150x150.jpg","medium":"https:\/\/centrumsamopomocy.pl\/latarnik\/wp-content\/uploads\/2025\/11\/Ilustracyjne-7-300x151.jpg","medium_large":"https:\/\/centrumsamopomocy.pl\/latarnik\/wp-content\/uploads\/2025\/11\/Ilustracyjne-7-768x385.jpg","large":"https:\/\/centrumsamopomocy.pl\/latarnik\/wp-content\/uploads\/2025\/11\/Ilustracyjne-7-1024x514.jpg","1536x1536":"https:\/\/centrumsamopomocy.pl\/latarnik\/wp-content\/uploads\/2025\/11\/Ilustracyjne-7-1536x771.jpg","2048x2048":"https:\/\/centrumsamopomocy.pl\/latarnik\/wp-content\/uploads\/2025\/11\/Ilustracyjne-7.jpg"},"magazineBlocksPostAuthor":{"name":"Pracownia Latarnik","avatar":"https:\/\/secure.gravatar.com\/avatar\/4d57a8b00d097dc665b1acf25e79882e15157ad223521db56d2ecbf772fa5174?s=96&d=mm&r=g"},"magazineBlocksPostCommentsNumber":false,"magazineBlocksPostExcerpt":"\u017bycie mi\u0119dzy s\u0142owami Grzegorz Westphal ma 54 lata i mieszka w Gdyni. Przez wiele lat by\u0142 zwi\u0105zany z dzielnic\u0105 Ob\u0142u\u017ce. Choruje na depresj\u0119 \u2014 ale nie poddaje si\u0119. Tworzy wiersze, robi zdj\u0119cia, dzieli si\u0119 tym, co daje innym nadziej\u0119. Jako nastolatek, trafi\u0142 na oddzia\u0142 szpitalny i tam napisa\u0142 pami\u0119tnik. Z pami\u0119tnika narodzi\u0142a si\u0119 poezja, a [&hellip;]","magazineBlocksPostCategories":["Wszystkie"],"magazineBlocksPostViewCount":203,"magazineBlocksPostReadTime":3,"magazine_blocks_featured_image_url":{"full":["https:\/\/centrumsamopomocy.pl\/latarnik\/wp-content\/uploads\/2025\/11\/Ilustracyjne-7.jpg",1614,810,false],"medium":["https:\/\/centrumsamopomocy.pl\/latarnik\/wp-content\/uploads\/2025\/11\/Ilustracyjne-7-300x151.jpg",300,151,true],"thumbnail":["https:\/\/centrumsamopomocy.pl\/latarnik\/wp-content\/uploads\/2025\/11\/Ilustracyjne-7-150x150.jpg",150,150,true]},"magazine_blocks_author":{"display_name":"Pracownia Latarnik","author_link":"https:\/\/centrumsamopomocy.pl\/latarnik\/?author=1"},"magazine_blocks_comment":0,"magazine_blocks_author_image":"https:\/\/secure.gravatar.com\/avatar\/4d57a8b00d097dc665b1acf25e79882e15157ad223521db56d2ecbf772fa5174?s=96&d=mm&r=g","magazine_blocks_category":"<a href=\"#\" class=\"category-link category-link-1\">Wszystkie<\/a>","_links":{"self":[{"href":"https:\/\/centrumsamopomocy.pl\/latarnik\/index.php?rest_route=\/wp\/v2\/posts\/2494","targetHints":{"allow":["GET"]}}],"collection":[{"href":"https:\/\/centrumsamopomocy.pl\/latarnik\/index.php?rest_route=\/wp\/v2\/posts"}],"about":[{"href":"https:\/\/centrumsamopomocy.pl\/latarnik\/index.php?rest_route=\/wp\/v2\/types\/post"}],"author":[{"embeddable":true,"href":"https:\/\/centrumsamopomocy.pl\/latarnik\/index.php?rest_route=\/wp\/v2\/users\/1"}],"replies":[{"embeddable":true,"href":"https:\/\/centrumsamopomocy.pl\/latarnik\/index.php?rest_route=%2Fwp%2Fv2%2Fcomments&post=2494"}],"version-history":[{"count":7,"href":"https:\/\/centrumsamopomocy.pl\/latarnik\/index.php?rest_route=\/wp\/v2\/posts\/2494\/revisions"}],"predecessor-version":[{"id":2554,"href":"https:\/\/centrumsamopomocy.pl\/latarnik\/index.php?rest_route=\/wp\/v2\/posts\/2494\/revisions\/2554"}],"wp:featuredmedia":[{"embeddable":true,"href":"https:\/\/centrumsamopomocy.pl\/latarnik\/index.php?rest_route=\/wp\/v2\/media\/2540"}],"wp:attachment":[{"href":"https:\/\/centrumsamopomocy.pl\/latarnik\/index.php?rest_route=%2Fwp%2Fv2%2Fmedia&parent=2494"}],"wp:term":[{"taxonomy":"category","embeddable":true,"href":"https:\/\/centrumsamopomocy.pl\/latarnik\/index.php?rest_route=%2Fwp%2Fv2%2Fcategories&post=2494"},{"taxonomy":"post_tag","embeddable":true,"href":"https:\/\/centrumsamopomocy.pl\/latarnik\/index.php?rest_route=%2Fwp%2Fv2%2Ftags&post=2494"}],"curies":[{"name":"wp","href":"https:\/\/api.w.org\/{rel}","templated":true}]}}