{"id":2364,"date":"2025-09-25T17:17:27","date_gmt":"2025-09-25T15:17:27","guid":{"rendered":"https:\/\/centrumsamopomocy.pl\/latarnik\/?p=2364"},"modified":"2025-09-25T17:17:29","modified_gmt":"2025-09-25T15:17:29","slug":"oczp-w-2026-roku-12-mld-zlotych-mniej-na-leczenie-psychiatryczne","status":"publish","type":"post","link":"https:\/\/centrumsamopomocy.pl\/latarnik\/?p=2364","title":{"rendered":"OCZP: w 2026 roku 1,2 mld z\u0142otych mniej na leczenie psychiatryczne"},"content":{"rendered":"\n<p><strong>Resort zdrowia przeka\u017ce w przysz\u0142ym roku 1,145 mld z\u0142otych mniej na system ochrony zdrowia psychicznego \u2013 poinformowano podczas konferencji prasowej po\u015bwi\u0119conej m.in. tej decyzji. Eksperci wskazuj\u0105, \u017ce szczeg\u00f3lnie uderzy to w Centra Zdrowia Psychicznego. Przedstawiciele \u015brodowisk lekarskich i pacjenckich zwo\u0142uj\u0105 9 pa\u017adziernika br. Nadzwyczajny Kongres Zdrowia Psychicznego.<\/strong><\/p>\n\n\n\n<p>Podczas konferencji prasowej pt. \u201eStop miliardowi mniej na system ochrony zdrowia psychicznego w przysz\u0142ym roku. Stop likwidacji Centr\u00f3w Zdrowia Psychicznego\u201d poinformowano, \u017ce w przysz\u0142ym roku przewidziano na system ochrony zdrowia psychicznego prawie 1,2 miliarda z\u0142otych mniej ni\u017c w 2025. Zabraknie \u015brodk\u00f3w, m.in. na Centra Zdrowia Psychicznego.<\/p>\n\n\n\n<blockquote class=\"wp-block-quote is-layout-flow wp-block-quote-is-layout-flow\">\n<p>\u201ePlanowane nak\u0142ady na opiek\u0119 psychiatryczn\u0105 i leczenie uzale\u017cnie\u0144 w przysz\u0142ym roku b\u0119d\u0105 o 1,2 mld z\u0142 ni\u017csze w 2025 r. W tym roku bud\u017cet wynosi\u0142 9,1 mld z\u0142. Na t\u0119 kwot\u0119 sk\u0142ada si\u0119 6,6 mld z\u0142 bud\u017cetu na opiek\u0119 psychiatryczn\u0105 i leczenie uzale\u017cnie\u0144 oraz 2,5 mld z\u0142 na pilota\u017c centr\u00f3w zdrowia psychicznego\u201d &#8211; poda\u0142a dr Izabela Ciu\u0144czyk, psychiatra, prezeska Og\u00f3lnopolskiego Stowarzyszenia Centr\u00f3w Zdrowia Psychicznego.<\/p>\n<\/blockquote>\n\n\n\n<p>CZP w formule pilota\u017cu maj\u0105 dzia\u0142a\u0107 do ko\u0144ca 2025 r. Pilota\u017c ten rozpocz\u0105\u0142 si\u0119 w 2018 r. Oparty jest na koncepcji psychiatrii \u015brodowiskowej, czyli odej\u015bciu od leczenia szpitalnego, kt\u00f3re ma by\u0107 przeznaczone dla pacjent\u00f3w w stanach ostrych. CZP skupiaj\u0105 si\u0119 na opiece zorganizowanej blisko pacjenta w mniejszych o\u015brodkach pomocy medycznej.<\/p>\n\n\n\n<blockquote class=\"wp-block-quote is-layout-flow wp-block-quote-is-layout-flow\">\n<p>\u201eCentra koncentruj\u0105 si\u0119 na zapobieganiu kryzysom psychicznym, a gdy do nich dojdzie &#8211; szybkim przywr\u00f3ceniu do r\u00f3wnowagi. Redukcja \u015brodk\u00f3w o prawie 1,2 mld z\u0142otych spowoduje redukcj\u0119 personelu i wyd\u0142u\u017cy kolejki do specjalist\u00f3w, a tym samym zachwieje systemem opieki psychiatrycznej\u201d &#8211; doda\u0142a dr Ciu\u0144czyk.<\/p>\n<\/blockquote>\n\n\n\n<p>Jak przypomnia\u0142a dr Joanna Krzy\u017canowska-Zbucka, psychiatra, przewodnicz\u0105ca Komitetu Organizacyjnego Kongresu Zdrowia Psychicznego, w grudniu ub. roku w Ministerstwie Zdrowia \u201epowsta\u0142 zesp\u00f3\u0142, kt\u00f3ry mia\u0142 przygotowa\u0107 to przej\u015bcie z pilota\u017cu do docelowego modelu dzia\u0142ania plac\u00f3wek\u201d w ramach psychiatrii \u015brodowiskowej.&nbsp;<\/p>\n\n\n\n<blockquote class=\"wp-block-quote is-layout-flow wp-block-quote-is-layout-flow\">\n<p>\u201eNie dostali\u015bmy \u017cadnego raportu z jego prac, nie mamy jasno\u015bci, co wypracowa\u0142. Pilota\u017c dobiega ko\u0144ca, a my w po\u0142owie wrze\u015bnia nie wiemy, co b\u0119dzie w kolejnych latach\u201d &#8211; podkre\u015bli\u0142a dr Joanna Krzy\u017canowska-Zbucka.<\/p>\n<\/blockquote>\n\n\n\n<p>\u015arodowisko lekarzy i pacjent\u00f3w niepokoi szczeg\u00f3lnie przysz\u0142o\u015b\u0107 Centr\u00f3w Zdrowia Psychicznego. Po pilota\u017cu Centra maj\u0105 si\u0119 sta\u0107 rozwi\u0105zaniem systemowym. W przypadku braku finansowania istniej\u0105ce CZP mog\u0105 zosta\u0107 zamkni\u0119te, a nowe nie powstan\u0105.<\/p>\n\n\n\n<blockquote class=\"wp-block-quote is-layout-flow wp-block-quote-is-layout-flow\">\n<p>\u201eCentra Zdrowia Psychicznego pomagaj\u0105 ludziom, kt\u00f3rzy prze\u017cywaj\u0105 \u017ca\u0142ob\u0119, maj\u0105 k\u0142opoty z bezsenno\u015bci\u0105, zbankrutowali. Pomoc jest tam skoordynowana. Ca\u0142y zesp\u00f3\u0142 opiekuje si\u0119 cz\u0142owiekiem od momentu zg\u0142oszenia, przez wszystkie formy wsparcia, jakie tam mo\u017cna dosta\u0107. To s\u0105 porady u psychologa, psychiatry, grupy wsparcia, klub pacjenta, w kt\u00f3rym mo\u017cna sp\u0119dza\u0107 czas, grupy psychoedukacyjne dla rodzin, grupy wsparcia dla os\u00f3b starszych, ludzi z do\u015bwiadczeniem psychozy, trening metapoznawczy, wsp\u00f3\u0142praca z asystentami zdrowienia\u201d &#8211; m\u00f3wi\u0142a Katarzyna Szczerbowska, pacjentka, asystentka zdrowienia, cz\u0142onek Rady ds. Zdrowia Psychicznego przy Ministrze Zdrowia.<\/p>\n<\/blockquote>\n\n\n\n<p>Z kolei dr Julia Pankiewicz z Porozumienia Rezydent\u00f3w Og\u00f3lnopolskiego Zwi\u0105zku Zawodowego Lekarzy zwr\u00f3ci\u0142a uwag\u0119 na potencjalne trudno\u015bci, przed jakimi stan\u0105 lekarze, kt\u00f3rzy b\u0119d\u0105 musieli segregowa\u0107 pacjent\u00f3w ze wzgl\u0119du na brak \u015brodk\u00f3w na ich terapi\u0119.<\/p>\n\n\n\n<blockquote class=\"wp-block-quote is-layout-flow wp-block-quote-is-layout-flow\">\n<p>\u201eNie wiem, kto b\u0119dzie wybiera\u0142, komu zostanie odebrane \u015bwiadczenie. Czy nastolatce po pr\u00f3bie samob\u00f3jczej, czy dwudziestolatkowi z pierwszym epizodem schizofrenii, a mo\u017ce osobie pi\u0119\u0107dziesi\u0119cioletniej, kt\u00f3ra od 20 lat leczy si\u0119 z powodu choroby afektywnej dwubiegunowej? My nie b\u0119dziemy o tym decydowa\u0107. Nie wiem, kto b\u0119dzie\u201d &#8211; zastanawia\u0142a si\u0119 dr Julia Pankiewicz.<\/p>\n<\/blockquote>\n\n\n\n<p>W jej opinii \u201edecydenci te\u017c sobie nie zdaj\u0105 z tego sprawy, bo to nie oni ponosz\u0105 odpowiedzialno\u015b\u0107\u201d.&nbsp;<\/p>\n\n\n\n<blockquote class=\"wp-block-quote is-layout-flow wp-block-quote-is-layout-flow\">\n<p>\u201eA my codziennie leczymy pacjent\u00f3w i s\u0142yszymy o ich do\u015bwiadczeniach. S\u0142yszymy o ich cierpieniu i bardzo chcieliby\u015bmy, \u017ceby ta pomoc by\u0142a im udzielona jak najszybciej. Jako m\u0142odzi lekarze chcieliby\u015bmy te\u017c uczy\u0107 si\u0119 zawodu w najlepszym jego wydaniu\u201d &#8211; wskaza\u0142a lekarka.<\/p>\n<\/blockquote>\n\n\n\n<p>Fundacja eFkropka przyst\u0105pi\u0142a do przygotowa\u0144 do organizowanego w trybie kryzysowym 9 pa\u017adziernika br. Nadzwyczajnego Kongresu Zdrowia Psychicznego.&nbsp;<\/p>\n\n\n\n<blockquote class=\"wp-block-quote is-layout-flow wp-block-quote-is-layout-flow\">\n<p>\u201eJako pacjenci domagamy si\u0119 natychmiastowego utworzenia o\u015brodka monitoruj\u0105cego reform\u0119 w Polsce, dlatego \u017ce tym trzeba si\u0119 opiekowa\u0107, zajmowa\u0107, wypracowywa\u0107 standardy. W trybie pilnym domagamy si\u0119 nie oszcz\u0119dzania, ale inwestowania w system ochrony zdrowia psychicznego\u201d &#8211; przekaza\u0142a Katarzyna Szczerbowska.<\/p>\n<\/blockquote>\n\n\n\n<blockquote class=\"wp-block-quote is-layout-flow wp-block-quote-is-layout-flow\">\n<p>\u201eNie wiemy, co b\u0119dzie w nast\u0119pnym roku. Nie ma legislacyjnych postanowie\u0144, nie ma \u015bcie\u017cki, kt\u00f3ra by prowadzi\u0142a do tych zmian systemowych. Opieka psychiatryczna powinna by\u0107 cz\u0119\u015bci\u0105 rozs\u0105dnego systemu opieki zdrowotnej nad ca\u0142\u0105 populacj\u0105\u201d &#8211; podkre\u015bli\u0142a dr Joanna Krzy\u017canowska-Zbucka, psychiatra, przewodnicz\u0105ca Komitetu Organizacyjnego Kongresu Zdrowia Psychicznego.<\/p>\n<\/blockquote>\n\n\n\n<p>Organizatorem Nadzwyczajnego Kongresu Zdrowia Psychicznego jest Fundacja eFkropka przy wsp\u00f3\u0142pracy ze Stowarzyszeniem Otw\u00f3rzcie Drzwi, Stowarzyszeniem na Rzecz Psychiatrii i Opieki \u015arodowiskowej, Porozumieniem Na Rzecz Zdrowia oraz Og\u00f3lnopolskim Stowarzyszeniem Centr\u00f3w Zdrowia Psychicznego.<\/p>\n\n\n\n<p>\u0179r\u00f3d\u0142o informacji: PAP MediaRoom<\/p>\n\n\n\n<p><\/p>\n","protected":false},"excerpt":{"rendered":"<p>Resort zdrowia przeka\u017ce w przysz\u0142ym roku 1,145 mld z\u0142otych mniej na system ochrony zdrowia psychicznego \u2013 poinformowano podczas konferencji prasowej po\u015bwi\u0119conej m.in. tej decyzji. Eksperci wskazuj\u0105, \u017ce szczeg\u00f3lnie uderzy to w Centra Zdrowia Psychicznego. Przedstawiciele \u015brodowisk lekarskich i pacjenckich zwo\u0142uj\u0105 9 pa\u017adziernika br. Nadzwyczajny Kongres Zdrowia Psychicznego.<\/p>\n","protected":false},"author":1,"featured_media":2365,"comment_status":"open","ping_status":"open","sticky":false,"template":"","format":"standard","meta":{"_monsterinsights_skip_tracking":false,"_monsterinsights_sitenote_active":false,"_monsterinsights_sitenote_note":"","_monsterinsights_sitenote_category":0,"footnotes":""},"categories":[1],"tags":[67,65,66,58],"class_list":["post-2364","post","type-post","status-publish","format-standard","has-post-thumbnail","hentry","category-wszystkie","tag-leczenie","tag-medycyna","tag-polityka","tag-zdrowie-psychiczne"],"aioseo_notices":[],"magazineBlocksPostFeaturedMedia":{"thumbnail":"https:\/\/centrumsamopomocy.pl\/latarnik\/wp-content\/uploads\/2025\/09\/DOC.20250919.52470098.1-150x150.jpg","medium":"https:\/\/centrumsamopomocy.pl\/latarnik\/wp-content\/uploads\/2025\/09\/DOC.20250919.52470098.1-300x169.jpg","medium_large":"https:\/\/centrumsamopomocy.pl\/latarnik\/wp-content\/uploads\/2025\/09\/DOC.20250919.52470098.1.jpg","large":"https:\/\/centrumsamopomocy.pl\/latarnik\/wp-content\/uploads\/2025\/09\/DOC.20250919.52470098.1.jpg","1536x1536":"https:\/\/centrumsamopomocy.pl\/latarnik\/wp-content\/uploads\/2025\/09\/DOC.20250919.52470098.1.jpg","2048x2048":"https:\/\/centrumsamopomocy.pl\/latarnik\/wp-content\/uploads\/2025\/09\/DOC.20250919.52470098.1.jpg"},"magazineBlocksPostAuthor":{"name":"Pracownia Latarnik","avatar":"https:\/\/secure.gravatar.com\/avatar\/4d57a8b00d097dc665b1acf25e79882e15157ad223521db56d2ecbf772fa5174?s=96&d=mm&r=g"},"magazineBlocksPostCommentsNumber":false,"magazineBlocksPostExcerpt":"Resort zdrowia przeka\u017ce w przysz\u0142ym roku 1,145 mld z\u0142otych mniej na system ochrony zdrowia psychicznego \u2013 poinformowano podczas konferencji prasowej po\u015bwi\u0119conej m.in. tej decyzji. Eksperci wskazuj\u0105, \u017ce szczeg\u00f3lnie uderzy to w Centra Zdrowia Psychicznego. Przedstawiciele \u015brodowisk lekarskich i pacjenckich zwo\u0142uj\u0105 9 pa\u017adziernika br. Nadzwyczajny Kongres Zdrowia Psychicznego.","magazineBlocksPostCategories":["Wszystkie"],"magazineBlocksPostViewCount":168,"magazineBlocksPostReadTime":5,"magazine_blocks_featured_image_url":{"full":["https:\/\/centrumsamopomocy.pl\/latarnik\/wp-content\/uploads\/2025\/09\/DOC.20250919.52470098.1.jpg",737,415,false],"medium":["https:\/\/centrumsamopomocy.pl\/latarnik\/wp-content\/uploads\/2025\/09\/DOC.20250919.52470098.1-300x169.jpg",300,169,true],"thumbnail":["https:\/\/centrumsamopomocy.pl\/latarnik\/wp-content\/uploads\/2025\/09\/DOC.20250919.52470098.1-150x150.jpg",150,150,true]},"magazine_blocks_author":{"display_name":"Pracownia Latarnik","author_link":"https:\/\/centrumsamopomocy.pl\/latarnik\/?author=1"},"magazine_blocks_comment":0,"magazine_blocks_author_image":"https:\/\/secure.gravatar.com\/avatar\/4d57a8b00d097dc665b1acf25e79882e15157ad223521db56d2ecbf772fa5174?s=96&d=mm&r=g","magazine_blocks_category":"<a href=\"#\" class=\"category-link category-link-1\">Wszystkie<\/a>","_links":{"self":[{"href":"https:\/\/centrumsamopomocy.pl\/latarnik\/index.php?rest_route=\/wp\/v2\/posts\/2364","targetHints":{"allow":["GET"]}}],"collection":[{"href":"https:\/\/centrumsamopomocy.pl\/latarnik\/index.php?rest_route=\/wp\/v2\/posts"}],"about":[{"href":"https:\/\/centrumsamopomocy.pl\/latarnik\/index.php?rest_route=\/wp\/v2\/types\/post"}],"author":[{"embeddable":true,"href":"https:\/\/centrumsamopomocy.pl\/latarnik\/index.php?rest_route=\/wp\/v2\/users\/1"}],"replies":[{"embeddable":true,"href":"https:\/\/centrumsamopomocy.pl\/latarnik\/index.php?rest_route=%2Fwp%2Fv2%2Fcomments&post=2364"}],"version-history":[{"count":2,"href":"https:\/\/centrumsamopomocy.pl\/latarnik\/index.php?rest_route=\/wp\/v2\/posts\/2364\/revisions"}],"predecessor-version":[{"id":2367,"href":"https:\/\/centrumsamopomocy.pl\/latarnik\/index.php?rest_route=\/wp\/v2\/posts\/2364\/revisions\/2367"}],"wp:featuredmedia":[{"embeddable":true,"href":"https:\/\/centrumsamopomocy.pl\/latarnik\/index.php?rest_route=\/wp\/v2\/media\/2365"}],"wp:attachment":[{"href":"https:\/\/centrumsamopomocy.pl\/latarnik\/index.php?rest_route=%2Fwp%2Fv2%2Fmedia&parent=2364"}],"wp:term":[{"taxonomy":"category","embeddable":true,"href":"https:\/\/centrumsamopomocy.pl\/latarnik\/index.php?rest_route=%2Fwp%2Fv2%2Fcategories&post=2364"},{"taxonomy":"post_tag","embeddable":true,"href":"https:\/\/centrumsamopomocy.pl\/latarnik\/index.php?rest_route=%2Fwp%2Fv2%2Ftags&post=2364"}],"curies":[{"name":"wp","href":"https:\/\/api.w.org\/{rel}","templated":true}]}}