{"id":2331,"date":"2025-07-29T18:39:18","date_gmt":"2025-07-29T16:39:18","guid":{"rendered":"https:\/\/centrumsamopomocy.pl\/latarnik\/?p=2331"},"modified":"2025-07-29T18:47:19","modified_gmt":"2025-07-29T16:47:19","slug":"jak-wyglada-zycie-z-depresja-opowiesc-alex-obala-mity-i-daje-nadzieje","status":"publish","type":"post","link":"https:\/\/centrumsamopomocy.pl\/latarnik\/?p=2331","title":{"rendered":"Jak wygl\u0105da \u017cycie z depresj\u0105? Opowie\u015b\u0107 Alex obala mity i daje nadziej\u0119"},"content":{"rendered":"\n<p><strong>\u201eJakkolwiek banalnie to nie zabrzmi \u2013 to nie jest wyrok. Da si\u0119 \u017cy\u0107. Jest cholernie trudno, ale si\u0119 da\u201d \u2013 m\u00f3wi Alex, kt\u00f3ra od o\u015bmiu lat zmaga si\u0119 z depresj\u0105. Jej historia to poruszaj\u0105ce \u015bwiadectwo walki z chorob\u0105, ale te\u017c jasny komunikat: pomoc istnieje i mo\u017ce uratowa\u0107 \u017cycie.<\/strong><\/p>\n\n\n\n<h3 class=\"wp-block-heading\">Kiedy nic nie cieszy<\/h3>\n\n\n\n<p>Depresja to nie tylko smutek. To tak\u017ce brak si\u0142y, aby wsta\u0107 z \u0142\u00f3\u017cka, puste spojrzenie w monitor i niemoc, kt\u00f3ra sprawia, \u017ce p\u00f3j\u015bcie do \u0142azienki wydaje si\u0119 jak wej\u015bcie na Mount Everest. <\/p>\n\n\n\n<blockquote class=\"wp-block-quote is-layout-flow wp-block-quote-is-layout-flow\">\n<p>\u201ePrzez d\u0142ugi czas towarzyszy\u0142o mi uczucie, jakby wszystko, co kiedy\u015b sprawia\u0142o mi rado\u015b\u0107, wyblak\u0142o. Gry, ksi\u0105\u017cki, RPG-i \u2013 nic mnie ju\u017c nie interesowa\u0142o. Czu\u0142am, jakby \u015bwiat zosta\u0142 odci\u0119ty grub\u0105 kresk\u0105\u201d \u2013 opowiada Alex.<\/p>\n<\/blockquote>\n\n\n\n<p>Diagnoz\u0119 postawiono jej w 2017 roku, cho\u0107 symptomy pojawi\u0142y si\u0119 wcze\u015bniej. Jej przypadek pokazuje, \u017ce depresja mo\u017ce si\u0119 rozwija\u0107 latami i d\u0142ugo pozostawa\u0107 niezauwa\u017cona.<\/p>\n\n\n\n<h3 class=\"wp-block-heading\">&#8222;Rusz si\u0119&#8221; i inne szkodliwe mity<\/h3>\n\n\n\n<p>Jednym z najtrudniejszych aspekt\u00f3w \u017cycia z depresj\u0105 s\u0105 reakcje otoczenia. <\/p>\n\n\n\n<blockquote class=\"wp-block-quote is-layout-flow wp-block-quote-is-layout-flow\">\n<p>\u201eTo, co boli najbardziej, to s\u0142owa typu: 'rusz si\u0119&#8217;, 'we\u017a si\u0119 w gar\u015b\u0107&#8217;, 'u\u015bmiechnij si\u0119&#8217;\u201d \u2013 m\u00f3wi Alex. \u201eTo tak, jakby\u015b osobie z otwartym z\u0142amaniem powiedzia\u0142, \u017ceby przesta\u0142a krwawi\u0107 i posz\u0142a pobiega\u0107. Niezrozumienie i bagatelizowanie potrafi\u0105 bardziej rani\u0107 ni\u017c sama choroba\u201d.<\/p>\n<\/blockquote>\n\n\n\n<p>Alex zwraca uwag\u0119 na ogromn\u0105 rol\u0119 bliskich \u2013 ale nie tych, kt\u00f3rzy pocieszaj\u0105 frazesami. Najwi\u0119ksz\u0105 pomoc nios\u0105 ci, kt\u00f3rzy po prostu <em>s\u0105<\/em>, kt\u00f3rzy <em>s\u0142uchaj\u0105<\/em> i <em>nie oceniaj\u0105<\/em>. \u201eNie musisz wiedzie\u0107, co powiedzie\u0107. Po prostu wys\u0142uchaj. Nie zawsze trzeba rozumie\u0107 \u2013 wystarczy by\u0107\u201d.<\/p>\n\n\n\n<h3 class=\"wp-block-heading\">Pomoc istnieje<\/h3>\n\n\n\n<p>Pierwszym krokiem w stron\u0119 zdrowienia by\u0142a dla Alex wizyta u psychiatry. Trafi\u0142a na specjalist\u0119, kt\u00f3ry od razu przepisa\u0142 leki \u2013 i cho\u0107 pocz\u0105tkowa diagnoza okaza\u0142a si\u0119 nietrafiona, samo leczenie pomog\u0142o. <\/p>\n\n\n\n<blockquote class=\"wp-block-quote is-layout-flow wp-block-quote-is-layout-flow\">\n<p>\u201ePodczas pierwszej wizyty dosta\u0142am leki, kt\u00f3re mia\u0142y zadzia\u0142a\u0107 \u2013 i faktycznie zadzia\u0142a\u0142y. Jednak z perspektywy czasu wiem, \u017ce postawiona wtedy diagnoza by\u0142a nietrafna. Psychiatra nie rozpozna\u0142a u mnie depresji jako takiej, tylko zdiagnozowa\u0142a zaburzenia adaptacyjne \u2013 kt\u00f3re mog\u0105 wynika\u0107 zar\u00f3wno z depresji, jak i z mojego zespo\u0142u Aspergera. Leki, kt\u00f3re mi przepisa\u0142a, i tak dzia\u0142a\u0142y przeciwdepresyjnie, wi\u0119c na tamtym etapie pomog\u0142y. Ale formalnie depresja nie zosta\u0142a wpisana w dokumentacj\u0119. Dopiero trzy lata p\u00f3\u017aniej, przy ponownej wizycie u innego psychiatry, otrzyma\u0142am w\u0142a\u015bciw\u0105 diagnoz\u0119 \u2013 depresj\u0119, kt\u00f3ra powinna by\u0142a zosta\u0107 rozpoznana ju\u017c wcze\u015bniej\u201d \u2013 wspomina.<\/p>\n<\/blockquote>\n\n\n\n<p>Dzi\u015b wie, \u017ce sama farmakoterapia to za ma\u0142o. Leczenie depresji to z\u0142o\u017cony proces, w kt\u00f3rym ogromn\u0105 rol\u0119 odgrywaj\u0105 tak\u017ce psychoterapia, wsparcie spo\u0142eczne i aktywizacja. Alex pracuje w firmie, kt\u00f3ra zatrudnia osoby z niepe\u0142nosprawno\u015bci\u0105, a tak\u017ce anga\u017cuje si\u0119 w spo\u0142eczno\u015b\u0107 graczy i mi\u0142o\u015bnik\u00f3w RPG. Ka\u017cdy nowy bodziec \u2013 podr\u00f3\u017c, nowe hobby, kontakt z drugim cz\u0142owiekiem \u2013 mo\u017ce by\u0107 ma\u0142ym krokiem ku lepszemu.<\/p>\n\n\n\n<h3 class=\"wp-block-heading\">Si\u0142\u0105 s\u0105 ludzie<\/h3>\n\n\n\n<p>Na pytanie, co jej dawa\u0142o nadziej\u0119 w najgorszych momentach, Alex odpowiada bez wahania: <\/p>\n\n\n\n<blockquote class=\"wp-block-quote is-layout-flow wp-block-quote-is-layout-flow\">\n<p>\u201eMoi przyjaciele. Potrafili dzwoni\u0107 co dziesi\u0119\u0107 minut, \u017ceby sprawdzi\u0107, czy wszystko ze mn\u0105 w porz\u0105dku. Dzi\u0119ki nim nadal \u017cyj\u0119\u201d.<\/p>\n<\/blockquote>\n\n\n\n<p>To prosty, ale pot\u0119\u017cny komunikat: <strong>obecno\u015b\u0107 drugiego cz\u0142owieka mo\u017ce uratowa\u0107 \u017cycie<\/strong>. Depresja to nie wstyd, nie lenistwo, nie s\u0142abo\u015b\u0107. To sytuacja, kt\u00f3ra wymaga leczenia, zrozumienia i empatii.<\/p>\n\n\n\n<hr class=\"wp-block-separator has-alpha-channel-opacity\"\/>\n\n\n\n<h3 class=\"wp-block-heading\">Depresja ma wiele twarzy<\/h3>\n\n\n\n<p>Zaburzenia depresyjne nie s\u0105 jednorodne. Mo\u017cna m\u00f3wi\u0107 o epizodzie depresyjnym, depresji nawracaj\u0105cej, depresji towarzysz\u0105cej innym kryzysom psychicznym. Jednak to, co \u0142\u0105czy choruj\u0105cych, to ogromny ci\u0119\u017car, z kt\u00f3rym musz\u0105 si\u0119 zmaga\u0107 ka\u017cdego dnia.<\/p>\n\n\n\n<p>Warto pami\u0119ta\u0107, \u017ce depresja to nie jest wyrok. Ale to te\u017c nie jest co\u015b, co mo\u017cna pokona\u0107 \u201esi\u0142\u0105 woli\u201d czy \u201epozytywnym my\u015bleniem\u201d. Potrzeba czasu, specjalist\u00f3w, bliskich, pracy nad sob\u0105 \u2013 i przede wszystkim \u015bwiadomo\u015bci, \u017ce <strong>warto \u017cy\u0107<\/strong>.<\/p>\n\n\n\n<hr class=\"wp-block-separator has-alpha-channel-opacity\"\/>\n\n\n\n<h3 class=\"wp-block-heading\">Je\u015bli Ty lub kto\u015b z Twoich bliskich do\u015bwiadcza trudno\u015bci psychicznych \u2013 nie czekaj:<\/h3>\n\n\n\n<ul class=\"wp-block-list\">\n<li>Porozmawiaj z kim\u015b zaufanym<\/li>\n\n\n\n<li>Skontaktuj si\u0119 z psychoterapeut\u0105 lub lekarzem psychiatr\u0105<\/li>\n\n\n\n<li>Zadzwo\u0144 na jeden z og\u00f3lnodost\u0119pnych numer\u00f3w wsparcia:<\/li>\n<\/ul>\n\n\n\n<p>\ud83d\udcde <strong>116 123<\/strong> \u2013 telefon zaufania dla doros\u0142ych<br>\ud83d\udcde <strong>116 111<\/strong> \u2013 telefon zaufania dla dzieci i m\u0142odzie\u017cy<br>\ud83d\udcde <strong>800 70 2222<\/strong> \u2013 ca\u0142odobowa linia wsparcia<\/p>\n\n\n\n<hr class=\"wp-block-separator has-alpha-channel-opacity\"\/>\n\n\n\n<p>Alex ko\u0144czy rozmow\u0119 s\u0142owami: <\/p>\n\n\n\n<blockquote class=\"wp-block-quote is-layout-flow wp-block-quote-is-layout-flow\">\n<p>\u201eDa si\u0119 \u017cy\u0107. Trudno, ale si\u0119 da. I warto pr\u00f3bowa\u0107 \u2013 dla siebie, dla tych, kt\u00f3rzy chc\u0105 nam pom\u00f3c, dla tej jednej iskierki, kt\u00f3ra mo\u017ce si\u0119 kiedy\u015b pojawi\u0107\u201d.<\/p>\n<\/blockquote>\n\n\n\n<p>Niech jej historia b\u0119dzie g\u0142osem nadziei dla wszystkich, kt\u00f3rzy czuj\u0105, \u017ce stoj\u0105 w miejscu. Nie jeste\u015bcie sami. Pomoc jest bli\u017cej, ni\u017c my\u015blicie.<\/p>\n\n\n\n<p><\/p>\n\n\n\n<div class=\"mzb-section mzb-section-7d72b67c\"><div class=\"mzb-container\"><div class=\"mzb-section-inner\"><\/div><\/div><\/div>\n","protected":false},"excerpt":{"rendered":"<p>Poznajmy histori\u0119 Alex \u2013 osoby, kt\u00f3ra od o\u015bmiu lat zmaga si\u0119 z depresj\u0105 i otwarcie dzieli si\u0119 swoim do\u015bwiadczeniem choroby, leczenia oraz codziennych wyzwa\u0144. Artyku\u0142 ukazuje, jak wygl\u0105da \u017cycie z depresj\u0105 \u201eod \u015brodka\u201d, rozprawia si\u0119 z krzywdz\u0105cymi stereotypami i pokazuje, jak wa\u017cne jest wsparcie bliskich, profesjonalna pomoc oraz odwaga, by m\u00f3wi\u0107 o w\u0142asnym cierpieniu.<\/p>\n","protected":false},"author":1,"featured_media":2340,"comment_status":"open","ping_status":"open","sticky":false,"template":"","format":"standard","meta":{"_monsterinsights_skip_tracking":false,"_monsterinsights_sitenote_active":false,"_monsterinsights_sitenote_note":"","_monsterinsights_sitenote_category":0,"footnotes":""},"categories":[1],"tags":[57,59,58],"class_list":["post-2331","post","type-post","status-publish","format-standard","has-post-thumbnail","hentry","category-wszystkie","tag-depresja","tag-zaburzenia-depresyjne","tag-zdrowie-psychiczne"],"aioseo_notices":[],"magazineBlocksPostFeaturedMedia":{"thumbnail":"https:\/\/centrumsamopomocy.pl\/latarnik\/wp-content\/uploads\/2025\/07\/grafika-alex-e1753808266469-150x150.jpg","medium":"https:\/\/centrumsamopomocy.pl\/latarnik\/wp-content\/uploads\/2025\/07\/grafika-alex-e1753808266469-300x248.jpg","medium_large":"https:\/\/centrumsamopomocy.pl\/latarnik\/wp-content\/uploads\/2025\/07\/grafika-alex-e1753808266469-768x634.jpg","large":"https:\/\/centrumsamopomocy.pl\/latarnik\/wp-content\/uploads\/2025\/07\/grafika-alex-e1753808266469-1024x846.jpg","1536x1536":"https:\/\/centrumsamopomocy.pl\/latarnik\/wp-content\/uploads\/2025\/07\/grafika-alex-e1753808266469.jpg","2048x2048":"https:\/\/centrumsamopomocy.pl\/latarnik\/wp-content\/uploads\/2025\/07\/grafika-alex-e1753808266469.jpg"},"magazineBlocksPostAuthor":{"name":"Pracownia Latarnik","avatar":"https:\/\/secure.gravatar.com\/avatar\/4d57a8b00d097dc665b1acf25e79882e15157ad223521db56d2ecbf772fa5174?s=96&d=mm&r=g"},"magazineBlocksPostCommentsNumber":false,"magazineBlocksPostExcerpt":"Poznajmy histori\u0119 Alex \u2013 osoby, kt\u00f3ra od o\u015bmiu lat zmaga si\u0119 z depresj\u0105 i otwarcie dzieli si\u0119 swoim do\u015bwiadczeniem choroby, leczenia oraz codziennych wyzwa\u0144. Artyku\u0142 ukazuje, jak wygl\u0105da \u017cycie z depresj\u0105 \u201eod \u015brodka\u201d, rozprawia si\u0119 z krzywdz\u0105cymi stereotypami i pokazuje, jak wa\u017cne jest wsparcie bliskich, profesjonalna pomoc oraz odwaga, by m\u00f3wi\u0107 o w\u0142asnym cierpieniu.","magazineBlocksPostCategories":["Wszystkie"],"magazineBlocksPostViewCount":176,"magazineBlocksPostReadTime":4,"magazine_blocks_featured_image_url":{"full":["https:\/\/centrumsamopomocy.pl\/latarnik\/wp-content\/uploads\/2025\/07\/grafika-alex-e1753808266469.jpg",1240,1024,false],"medium":["https:\/\/centrumsamopomocy.pl\/latarnik\/wp-content\/uploads\/2025\/07\/grafika-alex-e1753808266469-300x248.jpg",300,248,true],"thumbnail":["https:\/\/centrumsamopomocy.pl\/latarnik\/wp-content\/uploads\/2025\/07\/grafika-alex-e1753808266469-150x150.jpg",150,150,true]},"magazine_blocks_author":{"display_name":"Pracownia Latarnik","author_link":"https:\/\/centrumsamopomocy.pl\/latarnik\/?author=1"},"magazine_blocks_comment":0,"magazine_blocks_author_image":"https:\/\/secure.gravatar.com\/avatar\/4d57a8b00d097dc665b1acf25e79882e15157ad223521db56d2ecbf772fa5174?s=96&d=mm&r=g","magazine_blocks_category":"<a href=\"#\" class=\"category-link category-link-1\">Wszystkie<\/a>","_links":{"self":[{"href":"https:\/\/centrumsamopomocy.pl\/latarnik\/index.php?rest_route=\/wp\/v2\/posts\/2331","targetHints":{"allow":["GET"]}}],"collection":[{"href":"https:\/\/centrumsamopomocy.pl\/latarnik\/index.php?rest_route=\/wp\/v2\/posts"}],"about":[{"href":"https:\/\/centrumsamopomocy.pl\/latarnik\/index.php?rest_route=\/wp\/v2\/types\/post"}],"author":[{"embeddable":true,"href":"https:\/\/centrumsamopomocy.pl\/latarnik\/index.php?rest_route=\/wp\/v2\/users\/1"}],"replies":[{"embeddable":true,"href":"https:\/\/centrumsamopomocy.pl\/latarnik\/index.php?rest_route=%2Fwp%2Fv2%2Fcomments&post=2331"}],"version-history":[{"count":5,"href":"https:\/\/centrumsamopomocy.pl\/latarnik\/index.php?rest_route=\/wp\/v2\/posts\/2331\/revisions"}],"predecessor-version":[{"id":2341,"href":"https:\/\/centrumsamopomocy.pl\/latarnik\/index.php?rest_route=\/wp\/v2\/posts\/2331\/revisions\/2341"}],"wp:featuredmedia":[{"embeddable":true,"href":"https:\/\/centrumsamopomocy.pl\/latarnik\/index.php?rest_route=\/wp\/v2\/media\/2340"}],"wp:attachment":[{"href":"https:\/\/centrumsamopomocy.pl\/latarnik\/index.php?rest_route=%2Fwp%2Fv2%2Fmedia&parent=2331"}],"wp:term":[{"taxonomy":"category","embeddable":true,"href":"https:\/\/centrumsamopomocy.pl\/latarnik\/index.php?rest_route=%2Fwp%2Fv2%2Fcategories&post=2331"},{"taxonomy":"post_tag","embeddable":true,"href":"https:\/\/centrumsamopomocy.pl\/latarnik\/index.php?rest_route=%2Fwp%2Fv2%2Ftags&post=2331"}],"curies":[{"name":"wp","href":"https:\/\/api.w.org\/{rel}","templated":true}]}}