{"id":5766,"date":"2026-03-30T10:21:14","date_gmt":"2026-03-30T08:21:14","guid":{"rendered":"https:\/\/centrumsamopomocy.pl\/?p=5766"},"modified":"2026-03-30T10:24:58","modified_gmt":"2026-03-30T08:24:58","slug":"ii-cykl-szkolen-w-centrum-samopomocy-w-gdyni","status":"publish","type":"post","link":"https:\/\/centrumsamopomocy.pl\/?p=5766","title":{"rendered":"II Cykl szkole\u0144 w Centrum Samopomocy w Gdyni"},"content":{"rendered":"\t\t<div data-elementor-type=\"wp-post\" data-elementor-id=\"5766\" class=\"elementor elementor-5766\">\n\t\t\t\t\t\t<section class=\"elementor-section elementor-top-section elementor-element elementor-element-e67a3e2 elementor-section-boxed elementor-section-height-default elementor-section-height-default\" data-id=\"e67a3e2\" data-element_type=\"section\" data-e-type=\"section\">\n\t\t\t\t\t\t<div class=\"elementor-container elementor-column-gap-default\">\n\t\t\t\t\t<div class=\"elementor-column elementor-col-100 elementor-top-column elementor-element elementor-element-c524963\" data-id=\"c524963\" data-element_type=\"column\" data-e-type=\"column\">\n\t\t\t<div class=\"elementor-widget-wrap elementor-element-populated\">\n\t\t\t\t\t\t<div class=\"elementor-element elementor-element-473bcb9 elementor-widget elementor-widget-text-editor\" data-id=\"473bcb9\" data-element_type=\"widget\" data-e-type=\"widget\" data-widget_type=\"text-editor.default\">\n\t\t\t\t<div class=\"elementor-widget-container\">\n\t\t\t\t\t\t\t\t\t<div class=\"xdj266r x14z9mp xat24cr x1lziwak x1vvkbs x126k92a\"><div dir=\"auto\">Za nami pierwsze spotkanie w ramach<strong> II cyklu szkole\u0144 Centrum Samopomocy w Gdyni<\/strong>.\u00a0 To kontynuacja ubieg\u0142orocznych dzia\u0142a\u0144 skierowanych do pracownik\u00f3w zaanga\u017cowanych w pomoc drugiemu cz\u0142owiekowi \u2013 spotykamy si\u0119 co dwa tygodnie, stawiaj\u0105c na praktyk\u0119, wymian\u0119 do\u015bwiadcze\u0144 i realne wsparcie w codziennej pracy.<\/div><div dir=\"auto\">\u00a0<\/div><div dir=\"auto\"><img fetchpriority=\"high\" decoding=\"async\" class=\"alignnone size-large wp-image-5769\" src=\"https:\/\/centrumsamopomocy.pl\/wp-content\/uploads\/2026\/03\/659078659_122128854309006282_6948796745389968065_n-1024x768.jpg\" alt=\"\" width=\"1024\" height=\"768\" srcset=\"https:\/\/centrumsamopomocy.pl\/wp-content\/uploads\/2026\/03\/659078659_122128854309006282_6948796745389968065_n-1024x768.jpg 1024w, https:\/\/centrumsamopomocy.pl\/wp-content\/uploads\/2026\/03\/659078659_122128854309006282_6948796745389968065_n-300x225.jpg 300w, https:\/\/centrumsamopomocy.pl\/wp-content\/uploads\/2026\/03\/659078659_122128854309006282_6948796745389968065_n-768x576.jpg 768w, https:\/\/centrumsamopomocy.pl\/wp-content\/uploads\/2026\/03\/659078659_122128854309006282_6948796745389968065_n-1536x1152.jpg 1536w, https:\/\/centrumsamopomocy.pl\/wp-content\/uploads\/2026\/03\/659078659_122128854309006282_6948796745389968065_n-640x480.jpg 640w, https:\/\/centrumsamopomocy.pl\/wp-content\/uploads\/2026\/03\/659078659_122128854309006282_6948796745389968065_n.jpg 2048w\" sizes=\"(max-width: 1024px) 100vw, 1024px\" \/><\/div><\/div><div class=\"x14z9mp xat24cr x1lziwak x1vvkbs xtlvy1s x126k92a\"><div dir=\"auto\">\u00a0<\/div><div dir=\"auto\">W trakcie cyklu b\u0119dziemy porusza\u0107 m.in. tematy komunikacji w kryzysie, pracy z osobami zmagaj\u0105cymi si\u0119 z depresj\u0105, schizofreni\u0105 czy b\u0119d\u0105cymi w spektrum, a tak\u017ce pracowa\u0107 na konkretnych przypadkach i do\u015bwiadczeniach \u2013 zar\u00f3wno uczestnik\u00f3w, jak i naszych klient\u00f3w.<\/div><div dir=\"auto\">\u00a0<\/div><\/div><div class=\"x14z9mp xat24cr x1lziwak x1vvkbs xtlvy1s x126k92a\"><div dir=\"auto\">Dzisiejsze spotkanie po\u0142\u0105czy\u0142o cz\u0119\u015b\u0107 informacyjn\u0105 dot. dzia\u0142a\u0144 Centrum Samopomocy z gr\u0105 anty-stygmatyzacyjn\u0105 dotycz\u0105c\u0105 aktywno\u015bci zawodowej os\u00f3b z niepe\u0142nosprawno\u015bciami \u00a0Frekwencja dopisa\u0142a, a w spotkaniu wzi\u0119li udzia\u0142 przedstawiciele takich jednostek jak CRIM, DOPS 1, DOPS 4 oraz Zesp\u00f3\u0142 Mieszkalnictwa Wspieranego \u2013 dzi\u0119ki temu powsta\u0142a<\/div><div dir=\"auto\">przestrze\u0144 do rozm\u00f3w, wymiany do\u015bwiadcze\u0144 i wsp\u00f3lnej refleksji.<\/div><div dir=\"auto\">\u00a0<\/div><div dir=\"auto\"><img decoding=\"async\" class=\"alignnone size-large wp-image-5768\" src=\"https:\/\/centrumsamopomocy.pl\/wp-content\/uploads\/2026\/03\/658104648_122128854051006282_1112582572069386669_n-1024x768.jpg\" alt=\"\" width=\"1024\" height=\"768\" srcset=\"https:\/\/centrumsamopomocy.pl\/wp-content\/uploads\/2026\/03\/658104648_122128854051006282_1112582572069386669_n-1024x768.jpg 1024w, https:\/\/centrumsamopomocy.pl\/wp-content\/uploads\/2026\/03\/658104648_122128854051006282_1112582572069386669_n-300x225.jpg 300w, https:\/\/centrumsamopomocy.pl\/wp-content\/uploads\/2026\/03\/658104648_122128854051006282_1112582572069386669_n-768x576.jpg 768w, https:\/\/centrumsamopomocy.pl\/wp-content\/uploads\/2026\/03\/658104648_122128854051006282_1112582572069386669_n-1536x1152.jpg 1536w, https:\/\/centrumsamopomocy.pl\/wp-content\/uploads\/2026\/03\/658104648_122128854051006282_1112582572069386669_n-640x480.jpg 640w, https:\/\/centrumsamopomocy.pl\/wp-content\/uploads\/2026\/03\/658104648_122128854051006282_1112582572069386669_n.jpg 2048w\" sizes=\"(max-width: 1024px) 100vw, 1024px\" \/><\/div><\/div><div class=\"x14z9mp xat24cr x1lziwak x1vvkbs xtlvy1s x126k92a\"><div dir=\"auto\">\u00a0<\/div><div dir=\"auto\">Dzi\u0119kujemy za Wasz\u0105 obecno\u015b\u0107 i zaanga\u017cowanie <span class=\"html-span xexx8yu xyri2b x18d9i69 x1c1uobl x1hl2dhg x16tdsg8 x1vvkbs x3nfvp2 x1j61x8r x1fcty0u xdj266r xat24cr xm2jcoa x1mpyi22 xxymvpz xlup9mm x1kky2od\"><img decoding=\"async\" class=\"xz74otr x15mokao x1ga7v0g x16uus16 xbiv7yw\" src=\"https:\/\/static.xx.fbcdn.net\/images\/emoji.php\/v9\/t87\/1\/16\/1f340.png\" alt=\"\ud83c\udf40\" width=\"16\" height=\"16\" \/><\/span><\/div><div dir=\"auto\">\u00a0<\/div><\/div>\t\t\t\t\t\t\t\t<\/div>\n\t\t\t\t<\/div>\n\t\t\t\t\t<\/div>\n\t\t<\/div>\n\t\t\t\t\t<\/div>\n\t\t<\/section>\n\t\t\t\t<\/div>\n\t\t","protected":false},"excerpt":{"rendered":"<p>Za nami pierwsze spotkanie w ramach II cyklu szkole\u0144 Centrum Samopomocy w Gdyni.\u00a0 To kontynuacja ubieg\u0142orocznych dzia\u0142a\u0144 skierowanych do pracownik\u00f3w zaanga\u017cowanych w pomoc drugiemu cz\u0142owiekowi \u2013 spotykamy si\u0119 co dwa tygodnie, stawiaj\u0105c na praktyk\u0119, wymian\u0119 do\u015bwiadcze\u0144 i realne wsparcie w codziennej pracy.\u00a0\u00a0W trakcie cyklu b\u0119dziemy porusza\u0107 m.in. tematy komunikacji w kryzysie, pracy z osobami zmagaj\u0105cymi [&hellip;]<\/p>\n","protected":false},"author":9,"featured_media":5769,"comment_status":"closed","ping_status":"closed","sticky":false,"template":"","format":"standard","meta":{"_monsterinsights_skip_tracking":false,"_monsterinsights_sitenote_active":false,"_monsterinsights_sitenote_note":"","_monsterinsights_sitenote_category":0,"_uf_show_specific_survey":0,"_uf_disable_surveys":false,"ocean_post_layout":"","ocean_both_sidebars_style":"","ocean_both_sidebars_content_width":0,"ocean_both_sidebars_sidebars_width":0,"ocean_sidebar":"","ocean_second_sidebar":"","ocean_disable_margins":"enable","ocean_add_body_class":"","ocean_shortcode_before_top_bar":"","ocean_shortcode_after_top_bar":"","ocean_shortcode_before_header":"","ocean_shortcode_after_header":"","ocean_has_shortcode":"","ocean_shortcode_after_title":"","ocean_shortcode_before_footer_widgets":"","ocean_shortcode_after_footer_widgets":"","ocean_shortcode_before_footer_bottom":"","ocean_shortcode_after_footer_bottom":"","ocean_display_top_bar":"default","ocean_display_header":"default","ocean_header_style":"","ocean_center_header_left_menu":"","ocean_custom_header_template":"","ocean_custom_logo":0,"ocean_custom_retina_logo":0,"ocean_custom_logo_max_width":0,"ocean_custom_logo_tablet_max_width":0,"ocean_custom_logo_mobile_max_width":0,"ocean_custom_logo_max_height":0,"ocean_custom_logo_tablet_max_height":0,"ocean_custom_logo_mobile_max_height":0,"ocean_header_custom_menu":"","ocean_menu_typo_font_family":"","ocean_menu_typo_font_subset":"","ocean_menu_typo_font_size":0,"ocean_menu_typo_font_size_tablet":0,"ocean_menu_typo_font_size_mobile":0,"ocean_menu_typo_font_size_unit":"px","ocean_menu_typo_font_weight":"","ocean_menu_typo_font_weight_tablet":"","ocean_menu_typo_font_weight_mobile":"","ocean_menu_typo_transform":"","ocean_menu_typo_transform_tablet":"","ocean_menu_typo_transform_mobile":"","ocean_menu_typo_line_height":0,"ocean_menu_typo_line_height_tablet":0,"ocean_menu_typo_line_height_mobile":0,"ocean_menu_typo_line_height_unit":"","ocean_menu_typo_spacing":0,"ocean_menu_typo_spacing_tablet":0,"ocean_menu_typo_spacing_mobile":0,"ocean_menu_typo_spacing_unit":"","ocean_menu_link_color":"","ocean_menu_link_color_hover":"","ocean_menu_link_color_active":"","ocean_menu_link_background":"","ocean_menu_link_hover_background":"","ocean_menu_link_active_background":"","ocean_menu_social_links_bg":"","ocean_menu_social_hover_links_bg":"","ocean_menu_social_links_color":"","ocean_menu_social_hover_links_color":"","ocean_disable_title":"default","ocean_disable_heading":"default","ocean_post_title":"","ocean_post_subheading":"","ocean_post_title_style":"","ocean_post_title_background_color":"","ocean_post_title_background":0,"ocean_post_title_bg_image_position":"","ocean_post_title_bg_image_attachment":"","ocean_post_title_bg_image_repeat":"","ocean_post_title_bg_image_size":"","ocean_post_title_height":0,"ocean_post_title_bg_overlay":0.5,"ocean_post_title_bg_overlay_color":"","ocean_disable_breadcrumbs":"default","ocean_breadcrumbs_color":"","ocean_breadcrumbs_separator_color":"","ocean_breadcrumbs_links_color":"","ocean_breadcrumbs_links_hover_color":"","ocean_display_footer_widgets":"default","ocean_display_footer_bottom":"default","ocean_custom_footer_template":"","ocean_post_oembed":"","ocean_post_self_hosted_media":"","ocean_post_video_embed":"","ocean_link_format":"","ocean_link_format_target":"self","ocean_quote_format":"","ocean_quote_format_link":"post","ocean_gallery_link_images":"on","ocean_gallery_id":[],"footnotes":""},"categories":[1],"tags":[],"class_list":["post-5766","post","type-post","status-publish","format-standard","has-post-thumbnail","hentry","category-aktualnosci","entry","has-media"],"aioseo_notices":[],"_links":{"self":[{"href":"https:\/\/centrumsamopomocy.pl\/index.php?rest_route=\/wp\/v2\/posts\/5766","targetHints":{"allow":["GET"]}}],"collection":[{"href":"https:\/\/centrumsamopomocy.pl\/index.php?rest_route=\/wp\/v2\/posts"}],"about":[{"href":"https:\/\/centrumsamopomocy.pl\/index.php?rest_route=\/wp\/v2\/types\/post"}],"author":[{"embeddable":true,"href":"https:\/\/centrumsamopomocy.pl\/index.php?rest_route=\/wp\/v2\/users\/9"}],"replies":[{"embeddable":true,"href":"https:\/\/centrumsamopomocy.pl\/index.php?rest_route=%2Fwp%2Fv2%2Fcomments&post=5766"}],"version-history":[{"count":7,"href":"https:\/\/centrumsamopomocy.pl\/index.php?rest_route=\/wp\/v2\/posts\/5766\/revisions"}],"predecessor-version":[{"id":5775,"href":"https:\/\/centrumsamopomocy.pl\/index.php?rest_route=\/wp\/v2\/posts\/5766\/revisions\/5775"}],"wp:featuredmedia":[{"embeddable":true,"href":"https:\/\/centrumsamopomocy.pl\/index.php?rest_route=\/wp\/v2\/media\/5769"}],"wp:attachment":[{"href":"https:\/\/centrumsamopomocy.pl\/index.php?rest_route=%2Fwp%2Fv2%2Fmedia&parent=5766"}],"wp:term":[{"taxonomy":"category","embeddable":true,"href":"https:\/\/centrumsamopomocy.pl\/index.php?rest_route=%2Fwp%2Fv2%2Fcategories&post=5766"},{"taxonomy":"post_tag","embeddable":true,"href":"https:\/\/centrumsamopomocy.pl\/index.php?rest_route=%2Fwp%2Fv2%2Ftags&post=5766"}],"curies":[{"name":"wp","href":"https:\/\/api.w.org\/{rel}","templated":true}]}}