{"id":5640,"date":"2026-03-09T10:46:40","date_gmt":"2026-03-09T09:46:40","guid":{"rendered":"https:\/\/centrumsamopomocy.pl\/?p=5640"},"modified":"2026-03-09T10:55:10","modified_gmt":"2026-03-09T09:55:10","slug":"elementor-5640","status":"publish","type":"post","link":"https:\/\/centrumsamopomocy.pl\/?p=5640","title":{"rendered":"Podsumowanie Akcji R\u00f3\u017ca 2026 w Gdy\u0144skim Konsulacie Kultury"},"content":{"rendered":"\t\t<div data-elementor-type=\"wp-post\" data-elementor-id=\"5640\" class=\"elementor elementor-5640\">\n\t\t\t\t\t\t<section class=\"elementor-section elementor-top-section elementor-element elementor-element-f5313ca elementor-section-boxed elementor-section-height-default elementor-section-height-default\" data-id=\"f5313ca\" data-element_type=\"section\" data-e-type=\"section\">\n\t\t\t\t\t\t<div class=\"elementor-container elementor-column-gap-default\">\n\t\t\t\t\t<div class=\"elementor-column elementor-col-100 elementor-top-column elementor-element elementor-element-3c5c682\" data-id=\"3c5c682\" data-element_type=\"column\" data-e-type=\"column\">\n\t\t\t<div class=\"elementor-widget-wrap elementor-element-populated\">\n\t\t\t\t\t\t<div class=\"elementor-element elementor-element-06145c3 elementor-widget elementor-widget-text-editor\" data-id=\"06145c3\" data-element_type=\"widget\" data-e-type=\"widget\" data-widget_type=\"text-editor.default\">\n\t\t\t\t<div class=\"elementor-widget-container\">\n\t\t\t\t\t\t\t\t\t<p>\u00a0<\/p><h3 style=\"text-align: center;\">Podsumowanie Akcji R\u00f3\u017ca 2026 w Gdy\u0144skim Konsulacie Kultury<\/h3><p>\u00a0<\/p><p><strong>2014 a mo\u017ce 2016 rok. Pacjenci szpitala psychiatrycznego na gda\u0144skim Srebrzysku postanawiaj\u0105 zrobi\u0107 co\u015b dobrego i co\u015b innego. Walentynki, dzie\u0144 zakochanych i komercji okazuje si\u0119 by\u0107 dniem w kt\u00f3rym mo\u017cna okaza\u0107 wsparcie, solidarno\u015b\u0107 i ciep\u0142o dla os\u00f3b w kryzysie psychicznym.<\/strong><\/p><p>Jest rok 2026. Za\u0142o\u017cyciele Stowarzyszenia \u015aw. Walenty, pomys\u0142odawcy Akcji R\u00f3\u017ca od \u015awi\u0119tego Walentego wycofali si\u0119 z aktywnej dzia\u0142alno\u015bci. Duch, kt\u00f3ry zasiali w tr\u00f3jmiejskim \u015brodowisku os\u00f3b dzia\u0142aj\u0105cych na rzecz zdrowia psychicznego pozosta\u0142.<\/p><p><img fetchpriority=\"high\" decoding=\"async\" class=\"alignnone size-large wp-image-5643\" src=\"https:\/\/centrumsamopomocy.pl\/wp-content\/uploads\/2026\/03\/646275512_1346657420830125_1958703904649343233_n-1024x683.jpg\" alt=\"\" width=\"1024\" height=\"683\" srcset=\"https:\/\/centrumsamopomocy.pl\/wp-content\/uploads\/2026\/03\/646275512_1346657420830125_1958703904649343233_n-1024x683.jpg 1024w, https:\/\/centrumsamopomocy.pl\/wp-content\/uploads\/2026\/03\/646275512_1346657420830125_1958703904649343233_n-300x200.jpg 300w, https:\/\/centrumsamopomocy.pl\/wp-content\/uploads\/2026\/03\/646275512_1346657420830125_1958703904649343233_n-768x512.jpg 768w, https:\/\/centrumsamopomocy.pl\/wp-content\/uploads\/2026\/03\/646275512_1346657420830125_1958703904649343233_n-1536x1024.jpg 1536w, https:\/\/centrumsamopomocy.pl\/wp-content\/uploads\/2026\/03\/646275512_1346657420830125_1958703904649343233_n.jpg 1920w\" sizes=\"(max-width: 1024px) 100vw, 1024px\" \/><\/p><p>Czwartego marca spotykamy si\u0119 w Gdy\u0144skim Konsulacie Kultury by podsumowa\u0107 tegoroczn\u0105 Akcj\u0119. Na spotkanie przybywa kilkadziesi\u0105t os\u00f3b \u2013 pracownik\u00f3w r\u00f3\u017cnych instytucji i os\u00f3b, kt\u00f3re do\u015bwiadczy\u0142y kryzysu psychicznego. Wiemy, \u017ce zaanga\u017cowanych jest znacznie wi\u0119cej. Od kilku dobrych lat Akcja organizowana jest w Warszawie (Stowarzyszenie Spoza), pomorskich Brusach (\u015aDS Brusy), a zdarza\u0142o si\u0119, \u017ce r\u00f3wnie\u017c we Wroc\u0142awiu.<\/p><p>Atmosfera jest taka jak ca\u0142a akcja \u2013 swobodna, swojska, \u017cyczliwa. Na scen\u0119 zostaj\u0105 spontanicznie zaproszone osoby zaanga\u017cowane w dzia\u0142ania. M\u00f3wi\u0105 o tym, co im da\u0142 udzia\u0142 w przygotowaniach i samym dniu. O roli dzia\u0142a\u0144 artystycznych, o byciu potrzebnym i ch\u0119ci robienia czego\u015b na rzecz drugiego cz\u0142owieka.<\/p><p>Spotkanie jest okazj\u0105 do rozmowy o m\u0119sko\u015bci. O tym, \u017ce m\u0119\u017cczyznom ci\u0119\u017cko przyjmowa\u0107 gest wsparcia. Ale te\u017c o tym, \u017ce Akcja to nie tylko wr\u0119czanie kwiat\u00f3w z sentencjami. To ca\u0142y proces. Gdzie zacieraj\u0105 si\u0119 granice pomi\u0119dzy dawaniem a braniem. Dawc\u0105 jest osoba przygotowuj\u0105ca kartk\u0119 z \u017cyczeniami, id\u0105ca 13 lutego odwiedzi\u0107 kogo\u015b w g\u0142\u0119bszym kryzysie, ale dawc\u0105 jest tak\u017ce odbiorca gestu \u2013 daje sw\u00f3j u\u015bmiech , wdzi\u0119czno\u015b\u0107, podzi\u0119kowanie i pozwala czu\u0107 drugiej osobie, \u017ce i ona jest potrzebna.<\/p><p>12 i 13 lutego 2026 odwiedzili\u015bmy szpitale i oddzia\u0142y dzienne, mieszka\u0144c\u00f3w dom\u00f3w pomocy spo\u0142ecznej, hospicja. \u015arodowiskowe domy samopomocy. 14 lutego w tym roku wypada\u0142o w sobot\u0119, co uniemo\u017cliwia\u0142o odwiedzenie cz\u0119\u015bci miejsc. St\u0105d zmiana daty.<\/p><p><img decoding=\"async\" class=\"alignnone size-large wp-image-5644\" src=\"https:\/\/centrumsamopomocy.pl\/wp-content\/uploads\/2026\/03\/647300580_1346657470830120_8560378286102111942_n-1024x683.jpg\" alt=\"\" width=\"1024\" height=\"683\" srcset=\"https:\/\/centrumsamopomocy.pl\/wp-content\/uploads\/2026\/03\/647300580_1346657470830120_8560378286102111942_n-1024x683.jpg 1024w, https:\/\/centrumsamopomocy.pl\/wp-content\/uploads\/2026\/03\/647300580_1346657470830120_8560378286102111942_n-300x200.jpg 300w, https:\/\/centrumsamopomocy.pl\/wp-content\/uploads\/2026\/03\/647300580_1346657470830120_8560378286102111942_n-768x512.jpg 768w, https:\/\/centrumsamopomocy.pl\/wp-content\/uploads\/2026\/03\/647300580_1346657470830120_8560378286102111942_n-1536x1024.jpg 1536w, https:\/\/centrumsamopomocy.pl\/wp-content\/uploads\/2026\/03\/647300580_1346657470830120_8560378286102111942_n.jpg 1920w\" sizes=\"(max-width: 1024px) 100vw, 1024px\" \/><\/p><p>Szacuje si\u0119, \u017ce podczas Akcji jej odbiorcami mog\u0142o by\u0107 nawet\u00a0 1600 os\u00f3b.<\/p><p>Podczas spotkania w Konsulacie odby\u0142y si\u0119 trzy warsztaty. Pierwszy prowadzi\u0142a Anastasyjia Shelehava, psycholog w Klubie 123. Dotyczy\u0142 poczucia sensu w \u017cyciu i by\u0142 osnuty wok\u00f3\u0142 postaci i przekona\u0144 Victora Frankla. Na warsztatcie uczestnicy pracowali poprzez technik\u0119 kola\u017cu. Drugi warsztat poprowadzi\u0142y terapeutki z Klubu Chrzan House. Sabina Van Houter i Bogumi\u0142a Richert r\u00f3wnie\u017c wykorzysta\u0142y metody arteterapeutyczne do rozm\u00f3w o \u017cyciu. Trzeci warsztat pod intryguj\u0105c\u0105 nazw\u0105 Speed Dating mia\u0142a za zadanie nawi\u0105zanie kontakt\u00f3w zawodowych pomi\u0119dzy uczestnikami wydarzenia. Wsp\u00f3lnie zastanawiali\u015bmy si\u0119 jak mo\u017cna si\u0119 uzupe\u0142nia\u0107 i co robi\u0107 by by\u0142o sprawniej we wspieraniu os\u00f3b w kryzysie. Wnioskiem do kt\u00f3rego doszli\u015bmy by\u0142o to, \u017ce warto rozmawia\u0107 i w kontakcie z drugim cz\u0142owiekiem mo\u017cemy pozna\u0107 siebie na nowo.<\/p><p>W trakcie wydarzenia po raz kolejny zosta\u0142 nakre\u015blony sens akcji i jej szeroki wp\u0142yw na osoby zaanga\u017cowane. Chcieliby\u015bmy \u017ceby Akcja R\u00f3\u017ca dotar\u0142a do mniejszych miejscowo\u015bci oraz \u017ceby zosta\u0142 podtrzymany jej<strong> samopomocowy charakter<\/strong>. Odda\u0107 w wi\u0119kszym stopniu s<strong>tery za ni\u0105 osobom do\u015bwiadczaj\u0105cym kryzysu<\/strong>, tak jak mia\u0142o wygl\u0105da\u0142o to na pocz\u0105tku.<\/p><div class=\"wp-block-image\">\u00a0<\/div><div class=\"wp-block-image\">\u00a0<\/div>\t\t\t\t\t\t\t\t<\/div>\n\t\t\t\t<\/div>\n\t\t\t\t\t<\/div>\n\t\t<\/div>\n\t\t\t\t\t<\/div>\n\t\t<\/section>\n\t\t\t\t<\/div>\n\t\t","protected":false},"excerpt":{"rendered":"<p>\u00a0 Podsumowanie Akcji R\u00f3\u017ca 2026 w Gdy\u0144skim Konsulacie Kultury \u00a0 2014 a mo\u017ce 2016 rok. Pacjenci szpitala psychiatrycznego na gda\u0144skim Srebrzysku postanawiaj\u0105 zrobi\u0107 co\u015b dobrego i co\u015b innego. Walentynki, dzie\u0144 zakochanych i komercji okazuje si\u0119 by\u0107 dniem w kt\u00f3rym mo\u017cna okaza\u0107 wsparcie, solidarno\u015b\u0107 i ciep\u0142o dla os\u00f3b w kryzysie psychicznym. Jest rok 2026. Za\u0142o\u017cyciele Stowarzyszenia [&hellip;]<\/p>\n","protected":false},"author":9,"featured_media":5643,"comment_status":"closed","ping_status":"closed","sticky":false,"template":"","format":"standard","meta":{"_monsterinsights_skip_tracking":false,"_monsterinsights_sitenote_active":false,"_monsterinsights_sitenote_note":"","_monsterinsights_sitenote_category":0,"_uf_show_specific_survey":0,"_uf_disable_surveys":false,"ocean_post_layout":"","ocean_both_sidebars_style":"","ocean_both_sidebars_content_width":0,"ocean_both_sidebars_sidebars_width":0,"ocean_sidebar":"","ocean_second_sidebar":"","ocean_disable_margins":"enable","ocean_add_body_class":"","ocean_shortcode_before_top_bar":"","ocean_shortcode_after_top_bar":"","ocean_shortcode_before_header":"","ocean_shortcode_after_header":"","ocean_has_shortcode":"","ocean_shortcode_after_title":"","ocean_shortcode_before_footer_widgets":"","ocean_shortcode_after_footer_widgets":"","ocean_shortcode_before_footer_bottom":"","ocean_shortcode_after_footer_bottom":"","ocean_display_top_bar":"default","ocean_display_header":"default","ocean_header_style":"","ocean_center_header_left_menu":"","ocean_custom_header_template":"","ocean_custom_logo":0,"ocean_custom_retina_logo":0,"ocean_custom_logo_max_width":0,"ocean_custom_logo_tablet_max_width":0,"ocean_custom_logo_mobile_max_width":0,"ocean_custom_logo_max_height":0,"ocean_custom_logo_tablet_max_height":0,"ocean_custom_logo_mobile_max_height":0,"ocean_header_custom_menu":"","ocean_menu_typo_font_family":"","ocean_menu_typo_font_subset":"","ocean_menu_typo_font_size":0,"ocean_menu_typo_font_size_tablet":0,"ocean_menu_typo_font_size_mobile":0,"ocean_menu_typo_font_size_unit":"px","ocean_menu_typo_font_weight":"","ocean_menu_typo_font_weight_tablet":"","ocean_menu_typo_font_weight_mobile":"","ocean_menu_typo_transform":"","ocean_menu_typo_transform_tablet":"","ocean_menu_typo_transform_mobile":"","ocean_menu_typo_line_height":0,"ocean_menu_typo_line_height_tablet":0,"ocean_menu_typo_line_height_mobile":0,"ocean_menu_typo_line_height_unit":"","ocean_menu_typo_spacing":0,"ocean_menu_typo_spacing_tablet":0,"ocean_menu_typo_spacing_mobile":0,"ocean_menu_typo_spacing_unit":"","ocean_menu_link_color":"","ocean_menu_link_color_hover":"","ocean_menu_link_color_active":"","ocean_menu_link_background":"","ocean_menu_link_hover_background":"","ocean_menu_link_active_background":"","ocean_menu_social_links_bg":"","ocean_menu_social_hover_links_bg":"","ocean_menu_social_links_color":"","ocean_menu_social_hover_links_color":"","ocean_disable_title":"default","ocean_disable_heading":"default","ocean_post_title":"","ocean_post_subheading":"","ocean_post_title_style":"","ocean_post_title_background_color":"","ocean_post_title_background":0,"ocean_post_title_bg_image_position":"","ocean_post_title_bg_image_attachment":"","ocean_post_title_bg_image_repeat":"","ocean_post_title_bg_image_size":"","ocean_post_title_height":0,"ocean_post_title_bg_overlay":0.5,"ocean_post_title_bg_overlay_color":"","ocean_disable_breadcrumbs":"default","ocean_breadcrumbs_color":"","ocean_breadcrumbs_separator_color":"","ocean_breadcrumbs_links_color":"","ocean_breadcrumbs_links_hover_color":"","ocean_display_footer_widgets":"default","ocean_display_footer_bottom":"default","ocean_custom_footer_template":"","ocean_post_oembed":"","ocean_post_self_hosted_media":"","ocean_post_video_embed":"","ocean_link_format":"","ocean_link_format_target":"self","ocean_quote_format":"","ocean_quote_format_link":"post","ocean_gallery_link_images":"off","ocean_gallery_id":[],"footnotes":""},"categories":[1],"tags":[],"class_list":["post-5640","post","type-post","status-publish","format-standard","has-post-thumbnail","hentry","category-aktualnosci","entry","has-media"],"aioseo_notices":[],"_links":{"self":[{"href":"https:\/\/centrumsamopomocy.pl\/index.php?rest_route=\/wp\/v2\/posts\/5640","targetHints":{"allow":["GET"]}}],"collection":[{"href":"https:\/\/centrumsamopomocy.pl\/index.php?rest_route=\/wp\/v2\/posts"}],"about":[{"href":"https:\/\/centrumsamopomocy.pl\/index.php?rest_route=\/wp\/v2\/types\/post"}],"author":[{"embeddable":true,"href":"https:\/\/centrumsamopomocy.pl\/index.php?rest_route=\/wp\/v2\/users\/9"}],"replies":[{"embeddable":true,"href":"https:\/\/centrumsamopomocy.pl\/index.php?rest_route=%2Fwp%2Fv2%2Fcomments&post=5640"}],"version-history":[{"count":10,"href":"https:\/\/centrumsamopomocy.pl\/index.php?rest_route=\/wp\/v2\/posts\/5640\/revisions"}],"predecessor-version":[{"id":5653,"href":"https:\/\/centrumsamopomocy.pl\/index.php?rest_route=\/wp\/v2\/posts\/5640\/revisions\/5653"}],"wp:featuredmedia":[{"embeddable":true,"href":"https:\/\/centrumsamopomocy.pl\/index.php?rest_route=\/wp\/v2\/media\/5643"}],"wp:attachment":[{"href":"https:\/\/centrumsamopomocy.pl\/index.php?rest_route=%2Fwp%2Fv2%2Fmedia&parent=5640"}],"wp:term":[{"taxonomy":"category","embeddable":true,"href":"https:\/\/centrumsamopomocy.pl\/index.php?rest_route=%2Fwp%2Fv2%2Fcategories&post=5640"},{"taxonomy":"post_tag","embeddable":true,"href":"https:\/\/centrumsamopomocy.pl\/index.php?rest_route=%2Fwp%2Fv2%2Ftags&post=5640"}],"curies":[{"name":"wp","href":"https:\/\/api.w.org\/{rel}","templated":true}]}}