{"id":5269,"date":"2025-11-24T09:03:08","date_gmt":"2025-11-24T08:03:08","guid":{"rendered":"https:\/\/centrumsamopomocy.pl\/?p=5269"},"modified":"2025-12-18T11:02:18","modified_gmt":"2025-12-18T10:02:18","slug":"35-lat-dzialalnosci-mops-w-gdyni-oraz-dzien-pracownika-socjalnego","status":"publish","type":"post","link":"https:\/\/centrumsamopomocy.pl\/?p=5269","title":{"rendered":"35\u202flat dzia\u0142alno\u015bci MOPS w Gdyni oraz Dzie\u0144 Pracownika Socjalnego"},"content":{"rendered":"\t\t<div data-elementor-type=\"wp-post\" data-elementor-id=\"5269\" class=\"elementor elementor-5269\">\n\t\t\t\t\t\t<section class=\"elementor-section elementor-top-section elementor-element elementor-element-4d3d41a elementor-section-boxed elementor-section-height-default elementor-section-height-default\" data-id=\"4d3d41a\" data-element_type=\"section\" data-e-type=\"section\">\n\t\t\t\t\t\t<div class=\"elementor-container elementor-column-gap-default\">\n\t\t\t\t\t<div class=\"elementor-column elementor-col-100 elementor-top-column elementor-element elementor-element-e296e8a\" data-id=\"e296e8a\" data-element_type=\"column\" data-e-type=\"column\">\n\t\t\t<div class=\"elementor-widget-wrap elementor-element-populated\">\n\t\t\t\t\t\t<div class=\"elementor-element elementor-element-e098489 elementor-widget elementor-widget-heading\" data-id=\"e098489\" data-element_type=\"widget\" data-e-type=\"widget\" data-widget_type=\"heading.default\">\n\t\t\t\t<div class=\"elementor-widget-container\">\n\t\t\t\t\t<h1 class=\"elementor-heading-title elementor-size-default\">35\u202flat dzia\u0142alno\u015bci MOPS w Gdyni oraz Dzie\u0144 Pracownika Socjalnego<\/h1>\t\t\t\t<\/div>\n\t\t\t\t<\/div>\n\t\t\t\t<div class=\"elementor-element elementor-element-8329270 elementor-widget elementor-widget-spacer\" data-id=\"8329270\" data-element_type=\"widget\" data-e-type=\"widget\" data-widget_type=\"spacer.default\">\n\t\t\t\t<div class=\"elementor-widget-container\">\n\t\t\t\t\t\t\t<div class=\"elementor-spacer\">\n\t\t\t<div class=\"elementor-spacer-inner\"><\/div>\n\t\t<\/div>\n\t\t\t\t\t\t<\/div>\n\t\t\t\t<\/div>\n\t\t\t\t\t<\/div>\n\t\t<\/div>\n\t\t\t\t\t<\/div>\n\t\t<\/section>\n\t\t\t\t<section class=\"elementor-section elementor-top-section elementor-element elementor-element-cac19bb elementor-section-boxed elementor-section-height-default elementor-section-height-default\" data-id=\"cac19bb\" data-element_type=\"section\" data-e-type=\"section\">\n\t\t\t\t\t\t<div class=\"elementor-container elementor-column-gap-default\">\n\t\t\t\t\t<div class=\"elementor-column elementor-col-100 elementor-top-column elementor-element elementor-element-321636d\" data-id=\"321636d\" data-element_type=\"column\" data-e-type=\"column\">\n\t\t\t<div class=\"elementor-widget-wrap elementor-element-populated\">\n\t\t\t\t\t\t<div class=\"elementor-element elementor-element-5b71b22 elementor-widget elementor-widget-text-editor\" data-id=\"5b71b22\" data-element_type=\"widget\" data-e-type=\"widget\" data-widget_type=\"text-editor.default\">\n\t\t\t\t<div class=\"elementor-widget-container\">\n\t\t\t\t\t\t\t\t\t<p data-start=\"245\" data-end=\"607\">Z okazji <strong data-start=\"254\" data-end=\"284\">Dnia Pracownika Socjalnego<\/strong>, b\u0119d\u0105cego \u015bwi\u0119tem os\u00f3b zawodowo zaanga\u017cowanych w niesienie pomocy, podkre\u015blono znaczenie codziennej pracy pracownik\u00f3w pomocy spo\u0142ecznej oraz ich rol\u0119 w umacnianiu i wspieraniu drugiego cz\u0142owieka. Dzia\u0142ania te realizowane s\u0105 w r\u00f3\u017cnych obszarach wsparcia, wsz\u0119dzie tam, gdzie niezb\u0119dna jest profesjonalna pomoc i wsp\u00f3\u0142praca. Obchody w Gdyni mia\u0142y w tym roku szczeg\u00f3lny charakter. <strong data-start=\"664\" data-end=\"697\">Gala \u015awi\u0119ta Pomocy Spo\u0142ecznej<\/strong> zosta\u0142a po\u0142\u0105czona z <strong data-start=\"718\" data-end=\"787\">jubileuszem 35-lecia Miejskiego O\u015brodka Pomocy Spo\u0142ecznej w Gdyni<\/strong>. Wydarzenie by\u0142o okazj\u0105 do podsumowania wieloletniej dzia\u0142alno\u015bci MOPS oraz do zwr\u00f3cenia uwagi na znaczenie pracy os\u00f3b wspieraj\u0105cych mieszka\u0144c\u00f3w miasta w sytuacjach wymagaj\u0105cych pomocy. Podczas gali wr\u0119czono nagrody i wyr\u00f3\u017cnienia dla pracownik\u00f3w pomocy spo\u0142ecznej. Jednym z element\u00f3w uroczysto\u015bci by\u0142o przyznanie <strong data-start=\"1102\" data-end=\"1142\">Nagrody Dyrektora Centrum Samopomocy<\/strong> osobom, kt\u00f3rych praca i zaanga\u017cowanie zosta\u0142y szczeg\u00f3lnie docenione. <strong data-start=\"1216\" data-end=\"1267\">Nagrod\u0119 Dyrektora Centrum Samopomocy otrzyma\u0142y: <\/strong><strong data-start=\"1270\" data-end=\"1294\">Katarzyna Dobrza\u0144ska <\/strong><strong data-start=\"1299\" data-end=\"1321\">Izabela Karolewska i <\/strong><strong data-start=\"1326\" data-end=\"1346\">Monika Wybraniec. <\/strong>Uroczysto\u015b\u0107 przebiega\u0142a w podnios\u0142ej atmosferze i stanowi\u0142a wa\u017cny moment docenienia pracy os\u00f3b zaanga\u017cowanych w realizacj\u0119 zada\u0144 z zakresu pomocy spo\u0142ecznej na terenie Gdyni.<\/p><p data-start=\"609\" data-end=\"973\">\u00a0<\/p>\t\t\t\t\t\t\t\t<\/div>\n\t\t\t\t<\/div>\n\t\t\t\t\t<\/div>\n\t\t<\/div>\n\t\t\t\t\t<\/div>\n\t\t<\/section>\n\t\t\t\t<section class=\"elementor-section elementor-top-section elementor-element elementor-element-7950772 elementor-section-boxed elementor-section-height-default elementor-section-height-default\" data-id=\"7950772\" data-element_type=\"section\" data-e-type=\"section\">\n\t\t\t\t\t\t<div class=\"elementor-container elementor-column-gap-default\">\n\t\t\t\t\t<div class=\"elementor-column elementor-col-33 elementor-top-column elementor-element elementor-element-053f008\" data-id=\"053f008\" data-element_type=\"column\" data-e-type=\"column\">\n\t\t\t<div class=\"elementor-widget-wrap elementor-element-populated\">\n\t\t\t\t\t\t<div class=\"elementor-element elementor-element-a7994fc elementor-widget elementor-widget-image\" data-id=\"a7994fc\" data-element_type=\"widget\" data-e-type=\"widget\" data-widget_type=\"image.default\">\n\t\t\t\t<div class=\"elementor-widget-container\">\n\t\t\t\t\t\t\t\t\t\t\t\t\t\t\t<img fetchpriority=\"high\" decoding=\"async\" width=\"1024\" height=\"976\" src=\"https:\/\/centrumsamopomocy.pl\/wp-content\/uploads\/2025\/11\/587848988_122115297027006282_3672890877420112424_n-1-1024x976.jpg\" class=\"attachment-large size-large wp-image-5270\" alt=\"\" srcset=\"https:\/\/centrumsamopomocy.pl\/wp-content\/uploads\/2025\/11\/587848988_122115297027006282_3672890877420112424_n-1-1024x976.jpg 1024w, https:\/\/centrumsamopomocy.pl\/wp-content\/uploads\/2025\/11\/587848988_122115297027006282_3672890877420112424_n-1-300x286.jpg 300w, https:\/\/centrumsamopomocy.pl\/wp-content\/uploads\/2025\/11\/587848988_122115297027006282_3672890877420112424_n-1-768x732.jpg 768w, https:\/\/centrumsamopomocy.pl\/wp-content\/uploads\/2025\/11\/587848988_122115297027006282_3672890877420112424_n-1-1536x1464.jpg 1536w, https:\/\/centrumsamopomocy.pl\/wp-content\/uploads\/2025\/11\/587848988_122115297027006282_3672890877420112424_n-1.jpg 2048w\" sizes=\"(max-width: 1024px) 100vw, 1024px\" \/>\t\t\t\t\t\t\t\t\t\t\t\t\t\t\t<\/div>\n\t\t\t\t<\/div>\n\t\t\t\t\t<\/div>\n\t\t<\/div>\n\t\t\t\t<div class=\"elementor-column elementor-col-33 elementor-top-column elementor-element elementor-element-d54a3a4\" data-id=\"d54a3a4\" data-element_type=\"column\" data-e-type=\"column\">\n\t\t\t<div class=\"elementor-widget-wrap elementor-element-populated\">\n\t\t\t\t\t\t<div class=\"elementor-element elementor-element-48aadf9 elementor-widget elementor-widget-image\" data-id=\"48aadf9\" data-element_type=\"widget\" data-e-type=\"widget\" data-widget_type=\"image.default\">\n\t\t\t\t<div class=\"elementor-widget-container\">\n\t\t\t\t\t\t\t\t\t\t\t\t\t\t\t<img decoding=\"async\" width=\"1024\" height=\"768\" src=\"https:\/\/centrumsamopomocy.pl\/wp-content\/uploads\/2025\/11\/586847471_122115297033006282_6421327280774333018_n-1024x768.jpg\" class=\"attachment-large size-large wp-image-5272\" alt=\"\" srcset=\"https:\/\/centrumsamopomocy.pl\/wp-content\/uploads\/2025\/11\/586847471_122115297033006282_6421327280774333018_n-1024x768.jpg 1024w, https:\/\/centrumsamopomocy.pl\/wp-content\/uploads\/2025\/11\/586847471_122115297033006282_6421327280774333018_n-300x225.jpg 300w, https:\/\/centrumsamopomocy.pl\/wp-content\/uploads\/2025\/11\/586847471_122115297033006282_6421327280774333018_n-768x576.jpg 768w, https:\/\/centrumsamopomocy.pl\/wp-content\/uploads\/2025\/11\/586847471_122115297033006282_6421327280774333018_n-1536x1152.jpg 1536w, https:\/\/centrumsamopomocy.pl\/wp-content\/uploads\/2025\/11\/586847471_122115297033006282_6421327280774333018_n.jpg 2048w\" sizes=\"(max-width: 1024px) 100vw, 1024px\" \/>\t\t\t\t\t\t\t\t\t\t\t\t\t\t\t<\/div>\n\t\t\t\t<\/div>\n\t\t\t\t\t<\/div>\n\t\t<\/div>\n\t\t\t\t<div class=\"elementor-column elementor-col-33 elementor-top-column elementor-element elementor-element-195d074\" data-id=\"195d074\" data-element_type=\"column\" data-e-type=\"column\">\n\t\t\t<div class=\"elementor-widget-wrap elementor-element-populated\">\n\t\t\t\t\t\t<div class=\"elementor-element elementor-element-143997f elementor-widget elementor-widget-image\" data-id=\"143997f\" data-element_type=\"widget\" data-e-type=\"widget\" data-widget_type=\"image.default\">\n\t\t\t\t<div class=\"elementor-widget-container\">\n\t\t\t\t\t\t\t\t\t\t\t\t\t\t\t<img decoding=\"async\" width=\"1024\" height=\"768\" src=\"https:\/\/centrumsamopomocy.pl\/wp-content\/uploads\/2025\/11\/586022271_122115298563006282_5476616729347952894_n-1024x768.jpg\" class=\"attachment-large size-large wp-image-5271\" alt=\"\" srcset=\"https:\/\/centrumsamopomocy.pl\/wp-content\/uploads\/2025\/11\/586022271_122115298563006282_5476616729347952894_n-1024x768.jpg 1024w, https:\/\/centrumsamopomocy.pl\/wp-content\/uploads\/2025\/11\/586022271_122115298563006282_5476616729347952894_n-300x225.jpg 300w, https:\/\/centrumsamopomocy.pl\/wp-content\/uploads\/2025\/11\/586022271_122115298563006282_5476616729347952894_n-768x576.jpg 768w, https:\/\/centrumsamopomocy.pl\/wp-content\/uploads\/2025\/11\/586022271_122115298563006282_5476616729347952894_n-1536x1152.jpg 1536w, https:\/\/centrumsamopomocy.pl\/wp-content\/uploads\/2025\/11\/586022271_122115298563006282_5476616729347952894_n.jpg 2048w\" sizes=\"(max-width: 1024px) 100vw, 1024px\" \/>\t\t\t\t\t\t\t\t\t\t\t\t\t\t\t<\/div>\n\t\t\t\t<\/div>\n\t\t\t\t\t<\/div>\n\t\t<\/div>\n\t\t\t\t\t<\/div>\n\t\t<\/section>\n\t\t\t\t<section class=\"elementor-section elementor-top-section elementor-element elementor-element-388cfee elementor-section-boxed elementor-section-height-default elementor-section-height-default\" data-id=\"388cfee\" data-element_type=\"section\" data-e-type=\"section\">\n\t\t\t\t\t\t<div class=\"elementor-container elementor-column-gap-default\">\n\t\t\t\t\t<div class=\"elementor-column elementor-col-100 elementor-top-column elementor-element elementor-element-5d64292\" data-id=\"5d64292\" data-element_type=\"column\" data-e-type=\"column\">\n\t\t\t<div class=\"elementor-widget-wrap\">\n\t\t\t\t\t\t\t<\/div>\n\t\t<\/div>\n\t\t\t\t\t<\/div>\n\t\t<\/section>\n\t\t\t\t<\/div>\n\t\t","protected":false},"excerpt":{"rendered":"<p>35\u202flat dzia\u0142alno\u015bci MOPS w Gdyni oraz Dzie\u0144 Pracownika Socjalnego Z okazji Dnia Pracownika Socjalnego, b\u0119d\u0105cego \u015bwi\u0119tem os\u00f3b zawodowo zaanga\u017cowanych w niesienie pomocy, podkre\u015blono znaczenie codziennej pracy pracownik\u00f3w pomocy spo\u0142ecznej oraz ich rol\u0119 w umacnianiu i wspieraniu drugiego cz\u0142owieka. Dzia\u0142ania te realizowane s\u0105 w r\u00f3\u017cnych obszarach wsparcia, wsz\u0119dzie tam, gdzie niezb\u0119dna jest profesjonalna pomoc i wsp\u00f3\u0142praca. [&hellip;]<\/p>\n","protected":false},"author":8,"featured_media":5270,"comment_status":"closed","ping_status":"closed","sticky":false,"template":"","format":"standard","meta":{"_monsterinsights_skip_tracking":false,"_monsterinsights_sitenote_active":false,"_monsterinsights_sitenote_note":"","_monsterinsights_sitenote_category":0,"_uf_show_specific_survey":0,"_uf_disable_surveys":false,"ocean_post_layout":"","ocean_both_sidebars_style":"","ocean_both_sidebars_content_width":0,"ocean_both_sidebars_sidebars_width":0,"ocean_sidebar":"","ocean_second_sidebar":"","ocean_disable_margins":"enable","ocean_add_body_class":"","ocean_shortcode_before_top_bar":"","ocean_shortcode_after_top_bar":"","ocean_shortcode_before_header":"","ocean_shortcode_after_header":"","ocean_has_shortcode":"","ocean_shortcode_after_title":"","ocean_shortcode_before_footer_widgets":"","ocean_shortcode_after_footer_widgets":"","ocean_shortcode_before_footer_bottom":"","ocean_shortcode_after_footer_bottom":"","ocean_display_top_bar":"default","ocean_display_header":"default","ocean_header_style":"","ocean_center_header_left_menu":"","ocean_custom_header_template":"","ocean_custom_logo":0,"ocean_custom_retina_logo":0,"ocean_custom_logo_max_width":0,"ocean_custom_logo_tablet_max_width":0,"ocean_custom_logo_mobile_max_width":0,"ocean_custom_logo_max_height":0,"ocean_custom_logo_tablet_max_height":0,"ocean_custom_logo_mobile_max_height":0,"ocean_header_custom_menu":"","ocean_menu_typo_font_family":"","ocean_menu_typo_font_subset":"","ocean_menu_typo_font_size":0,"ocean_menu_typo_font_size_tablet":0,"ocean_menu_typo_font_size_mobile":0,"ocean_menu_typo_font_size_unit":"px","ocean_menu_typo_font_weight":"","ocean_menu_typo_font_weight_tablet":"","ocean_menu_typo_font_weight_mobile":"","ocean_menu_typo_transform":"","ocean_menu_typo_transform_tablet":"","ocean_menu_typo_transform_mobile":"","ocean_menu_typo_line_height":0,"ocean_menu_typo_line_height_tablet":0,"ocean_menu_typo_line_height_mobile":0,"ocean_menu_typo_line_height_unit":"","ocean_menu_typo_spacing":0,"ocean_menu_typo_spacing_tablet":0,"ocean_menu_typo_spacing_mobile":0,"ocean_menu_typo_spacing_unit":"","ocean_menu_link_color":"","ocean_menu_link_color_hover":"","ocean_menu_link_color_active":"","ocean_menu_link_background":"","ocean_menu_link_hover_background":"","ocean_menu_link_active_background":"","ocean_menu_social_links_bg":"","ocean_menu_social_hover_links_bg":"","ocean_menu_social_links_color":"","ocean_menu_social_hover_links_color":"","ocean_disable_title":"default","ocean_disable_heading":"default","ocean_post_title":"","ocean_post_subheading":"","ocean_post_title_style":"","ocean_post_title_background_color":"","ocean_post_title_background":0,"ocean_post_title_bg_image_position":"","ocean_post_title_bg_image_attachment":"","ocean_post_title_bg_image_repeat":"","ocean_post_title_bg_image_size":"","ocean_post_title_height":0,"ocean_post_title_bg_overlay":0.5,"ocean_post_title_bg_overlay_color":"","ocean_disable_breadcrumbs":"default","ocean_breadcrumbs_color":"","ocean_breadcrumbs_separator_color":"","ocean_breadcrumbs_links_color":"","ocean_breadcrumbs_links_hover_color":"","ocean_display_footer_widgets":"default","ocean_display_footer_bottom":"default","ocean_custom_footer_template":"","ocean_post_oembed":"","ocean_post_self_hosted_media":"","ocean_post_video_embed":"","ocean_link_format":"","ocean_link_format_target":"self","ocean_quote_format":"","ocean_quote_format_link":"post","ocean_gallery_link_images":"off","ocean_gallery_id":[],"footnotes":""},"categories":[1],"tags":[],"class_list":["post-5269","post","type-post","status-publish","format-standard","has-post-thumbnail","hentry","category-aktualnosci","entry","has-media"],"aioseo_notices":[],"_links":{"self":[{"href":"https:\/\/centrumsamopomocy.pl\/index.php?rest_route=\/wp\/v2\/posts\/5269","targetHints":{"allow":["GET"]}}],"collection":[{"href":"https:\/\/centrumsamopomocy.pl\/index.php?rest_route=\/wp\/v2\/posts"}],"about":[{"href":"https:\/\/centrumsamopomocy.pl\/index.php?rest_route=\/wp\/v2\/types\/post"}],"author":[{"embeddable":true,"href":"https:\/\/centrumsamopomocy.pl\/index.php?rest_route=\/wp\/v2\/users\/8"}],"replies":[{"embeddable":true,"href":"https:\/\/centrumsamopomocy.pl\/index.php?rest_route=%2Fwp%2Fv2%2Fcomments&post=5269"}],"version-history":[{"count":13,"href":"https:\/\/centrumsamopomocy.pl\/index.php?rest_route=\/wp\/v2\/posts\/5269\/revisions"}],"predecessor-version":[{"id":5356,"href":"https:\/\/centrumsamopomocy.pl\/index.php?rest_route=\/wp\/v2\/posts\/5269\/revisions\/5356"}],"wp:featuredmedia":[{"embeddable":true,"href":"https:\/\/centrumsamopomocy.pl\/index.php?rest_route=\/wp\/v2\/media\/5270"}],"wp:attachment":[{"href":"https:\/\/centrumsamopomocy.pl\/index.php?rest_route=%2Fwp%2Fv2%2Fmedia&parent=5269"}],"wp:term":[{"taxonomy":"category","embeddable":true,"href":"https:\/\/centrumsamopomocy.pl\/index.php?rest_route=%2Fwp%2Fv2%2Fcategories&post=5269"},{"taxonomy":"post_tag","embeddable":true,"href":"https:\/\/centrumsamopomocy.pl\/index.php?rest_route=%2Fwp%2Fv2%2Ftags&post=5269"}],"curies":[{"name":"wp","href":"https:\/\/api.w.org\/{rel}","templated":true}]}}