{"id":5155,"date":"2025-10-13T10:38:47","date_gmt":"2025-10-13T08:38:47","guid":{"rendered":"https:\/\/centrumsamopomocy.pl\/?p=5155"},"modified":"2025-10-13T11:30:46","modified_gmt":"2025-10-13T09:30:46","slug":"centrum-samopomocy-na-konferencji-w-ramach-kampanii-odmien-swoja-glowe","status":"publish","type":"post","link":"https:\/\/centrumsamopomocy.pl\/?p=5155","title":{"rendered":"Centrum Samopomocy na konferencji w Ramach Kampanii Odmie\u0144 Swoj\u0105 G\u0142ow\u0119"},"content":{"rendered":"\t\t<div data-elementor-type=\"wp-post\" data-elementor-id=\"5155\" class=\"elementor elementor-5155\">\n\t\t\t\t\t\t<section class=\"elementor-section elementor-top-section elementor-element elementor-element-0778d6c elementor-section-boxed elementor-section-height-default elementor-section-height-default\" data-id=\"0778d6c\" data-element_type=\"section\" data-e-type=\"section\">\n\t\t\t\t\t\t<div class=\"elementor-container elementor-column-gap-default\">\n\t\t\t\t\t<div class=\"elementor-column elementor-col-100 elementor-top-column elementor-element elementor-element-0f294c5\" data-id=\"0f294c5\" data-element_type=\"column\" data-e-type=\"column\">\n\t\t\t<div class=\"elementor-widget-wrap elementor-element-populated\">\n\t\t\t\t\t\t<div class=\"elementor-element elementor-element-3422c87 elementor-widget elementor-widget-heading\" data-id=\"3422c87\" data-element_type=\"widget\" data-e-type=\"widget\" data-widget_type=\"heading.default\">\n\t\t\t\t<div class=\"elementor-widget-container\">\n\t\t\t\t\t<h1 class=\"elementor-heading-title elementor-size-default\">Centrum Samopomocy na konferencji podczas Dni Solidarno\u015bci z Osobami Do\u015bwiadczaj\u0105cymi Kryzys\u00f3w Psychicznych<\/h1>\t\t\t\t<\/div>\n\t\t\t\t<\/div>\n\t\t\t\t\t<\/div>\n\t\t<\/div>\n\t\t\t\t\t<\/div>\n\t\t<\/section>\n\t\t\t\t<section class=\"elementor-section elementor-top-section elementor-element elementor-element-a5cd775 elementor-section-boxed elementor-section-height-default elementor-section-height-default\" data-id=\"a5cd775\" data-element_type=\"section\" data-e-type=\"section\">\n\t\t\t\t\t\t<div class=\"elementor-container elementor-column-gap-default\">\n\t\t\t\t\t<div class=\"elementor-column elementor-col-50 elementor-top-column elementor-element elementor-element-a61fab8\" data-id=\"a61fab8\" data-element_type=\"column\" data-e-type=\"column\">\n\t\t\t<div class=\"elementor-widget-wrap elementor-element-populated\">\n\t\t\t\t\t\t<div class=\"elementor-element elementor-element-84e70f0 elementor-widget elementor-widget-text-editor\" data-id=\"84e70f0\" data-element_type=\"widget\" data-e-type=\"widget\" data-widget_type=\"text-editor.default\">\n\t\t\t\t<div class=\"elementor-widget-container\">\n\t\t\t\t\t\t\t\t\t<p>Nasze Centrum Samopomocy <strong>uczestniczy\u0142o w konferencji na Uniwersytecie Gda\u0144skim<\/strong>, organizowanej w ramach <strong>Dni Solidarno\u015bci z Osobami Do\u015bwiadczaj\u0105cymi Kryzys\u00f3w Psychicznych<\/strong>.<br \/>Podczas wydarzenia <strong>zaprezentowali\u015bmy dzia\u0142ania<\/strong>, kt\u00f3re pomagaj\u0105 budowa\u0107 sie\u0107 wsparcia opart\u0105 na empatii, zrozumieniu i solidarno\u015bci. <strong>Rozmawiali\u015bmy<\/strong> o mitach i faktach dotycz\u0105cych zdrowia psychicznego, o sile wsp\u00f3lnoty i o tym, \u017ce ka\u017cdy ma prawo do s\u0142abo\u015bci.<br \/>Odwiedzaj\u0105cy mogli r\u00f3wnie\u017c <strong>podziwia\u0107 prace fotograficzne uczestnik\u00f3w Klubu Chrzan House<\/strong> w ramach wystawy <strong>\u201eT\u0119tno Chwili\u201d<\/strong>.<\/p><p>Cieszyli\u015bmy si\u0119, \u017ce tak wiele os\u00f3b <strong>zatrzymywa\u0142o si\u0119 przy naszym stoisku<\/strong>, <strong>dzieli\u0142o refleksjami<\/strong> i <strong>pyta\u0142o<\/strong>, jak mo\u017cna do\u0142\u0105czy\u0107 do dzia\u0142a\u0144 samopomocowych.<br \/>Serdecznie <strong>dzi\u0119kujemy wszystkim uczestnikom i partnerom wydarzenia<\/strong> \u2013 szczeg\u00f3lnie <strong>Uniwersytetowi Gda\u0144skiemu<\/strong> oraz <strong>Centrum Aktywno\u015bci Studenckiej i Doktoranckiej<\/strong> \u2013 za udost\u0119pnienie przestrzeni pe\u0142nej wsparcia, rozm\u00f3w i inspiracji.<\/p><hr \/><h3 class=\"western\">Otwarcie konferencji<\/h3><p>Konferencj\u0119 <strong>otworzyli<\/strong>:<br \/><strong>Piotr Harhaj<\/strong>, wraz z <strong>Prorektor ds. Studenckich dr hab. Urszul\u0105 Patock\u0105-Sig\u0142owy, prof. UG<\/strong> oraz <strong>Prodziekanem ds. Studenckich dr. Dominikiem Bieniem<\/strong>.<\/p><hr \/><h3 class=\"western\">Inspiruj\u0105ce wyst\u0105pienia<\/h3><p>Podczas konferencji <strong>mo\u017cna by\u0142o wys\u0142ucha\u0107 wielu warto\u015bciowych prelekcji<\/strong>, kt\u00f3re \u0142\u0105czy\u0142a troska o cz\u0142owieka i jego dobrostan psychiczny. Wyst\u0105pili:<\/p><ul><li><p><strong>dr Agata Rudnik<\/strong> \u2013 \u201eZm\u0119czeni empati\u0105? O dbaniu o siebie w zawodach pomocowych\u201d<\/p><\/li><li><p><strong>prof. Pawe\u0142 A. Atroszko<\/strong> \u2013 \u201eCo wiemy o uzale\u017cnieniu od pracy i uczenia si\u0119?\u201d<\/p><\/li><li><p><strong>dr Ma\u0142gorzata Osowiecka-Szczygie\u0142<\/strong> \u2013 \u201eRola tworzenia w kryzysie psychicznym\u201d<\/p><\/li><li><p><strong>Anna Blokus-Szkodzi\u0144ska<\/strong> \u2013 \u201eZagubieni w g\u0142owie \u2013 niewidzialne zmagania m\u0142odzie\u017cy z perspektywy gabinetu\u201d<\/p><\/li><li><p><strong>Agnieszka Baranowska<\/strong>, Cz\u0142onkini Zarz\u0105du Wojew\u00f3dztwa Pomorskiego \u2013 \u201ePomorskie \u2013 nie ma zdrowia bez zdrowia psychicznego\u201d<\/p><\/li><\/ul><hr \/><h3 class=\"western\">Praktyka na rzecz dobrostanu<\/h3><p>Nie zabrak\u0142o tak\u017ce praktyk\u00f3w, kt\u00f3rzy na co dzie\u0144 <strong>wspieraj\u0105 osoby w kryzysach psychicznych<\/strong> i <strong>dzia\u0142aj\u0105 na rzecz zdrowia psychicznego w regionie<\/strong>.<br \/>Swoje inicjatywy <strong>zaprezentowali przedstawiciele<\/strong> m.in.:<\/p><ul><li><p>Zespo\u0142u Plac\u00f3wek Specjalistycznych w Gdyni \/ COUCB \u2013 <strong>Alicja Wi\u0119cka<\/strong><\/p><\/li><li><p>Gda\u0144skiego Miesi\u0105ca Zdrowia Psychicznego \u2013 <strong>Katarzyna Ziemann<\/strong><\/p><\/li><li><p>Stowarzyszenia Na Drodze Ekspresji \/ Akademia Don Kichota \u2013 <strong>Estera Tomczy\u0144ska<\/strong><\/p><\/li><li><p>Centrum Samopomocy w Gdyni \u2013 <strong>Katarzyna Osipowicz-Lipska<\/strong>, <strong>Katarzyna Dobrza\u0144ska<\/strong><\/p><\/li><li><p>Stowarzyszenia Wsparcia i Interwencji \u201eSupport\u201d \u2013 <strong>Jakub Zdunek<\/strong><\/p><\/li><\/ul><hr \/><h3 class=\"western\">Debata o sile wsp\u00f3lnoty<\/h3><p>Zwie\u0144czeniem konferencji by\u0142a <strong>debata pt. \u201eLokalna spo\u0142eczno\u015b\u0107 jako \u017ar\u00f3d\u0142o wsparcia\u201d<\/strong>.<br \/>Wzi\u0119li w niej udzia\u0142: <strong>Katarzyna Ziemann<\/strong>, <strong>Roman Ludkiewicz<\/strong> i <strong>Zbigniew Biegaj\u0142o<\/strong>, a rozmow\u0119 <strong>poprowadzi\u0142 Piotr Harhaj<\/strong>.<br \/>Dyskusja <strong>dotyczy\u0142a roli relacji, zaanga\u017cowania i solidarno\u015bci<\/strong> w budowaniu \u015brodowiska sprzyjaj\u0105cego zdrowieniu.<\/p><hr \/><h3 class=\"western\">Strefa spotka\u0144 i inspiracji<\/h3><p>Podczas wydarzenia uczestnicy <strong>mogli odwiedzi\u0107 stoiska<\/strong> organizacji wspieraj\u0105cych proces zdrowienia: <strong>Odmie\u0144 Swoj\u0105 G\u0142ow\u0119<\/strong>, <strong>Stowarzyszenie Na Drodze Ekspresji \/ Akademia Don Kichota<\/strong>, <strong>Fundacja Pozytywni.pl<\/strong>, <strong>\u015aDS Maczka 1 w Gdyni<\/strong>, <strong>Zesp\u00f3\u0142 Plac\u00f3wek Specjalistycznych \/ COUCB<\/strong> oraz <strong>Stowarzyszenie Support<\/strong>.<\/p><hr \/><h3 class=\"western\">Dni Solidarno\u015bci trwaj\u0105 dalej<\/h3><p>Dni Solidarno\u015bci z Osobami Do\u015bwiadczaj\u0105cymi Kryzys\u00f3w Psychicznych <strong>trwaj\u0105 nadal<\/strong> \u2013po konferencji na Uniwersytecie Gda\u0144skim <strong data-start=\"3792\" data-end=\"3822\">odby\u0142y si\u0119 tak\u017ce warsztaty, a<\/strong> <strong>29 pa\u017adziernika zapraszamy na Forum Samopomocy w Konsulacie Kultury w Gdyni.<\/strong><\/p>\t\t\t\t\t\t\t\t<\/div>\n\t\t\t\t<\/div>\n\t\t\t\t\t<\/div>\n\t\t<\/div>\n\t\t\t\t<div class=\"elementor-column elementor-col-50 elementor-top-column elementor-element elementor-element-3259722\" data-id=\"3259722\" data-element_type=\"column\" data-e-type=\"column\">\n\t\t\t<div class=\"elementor-widget-wrap elementor-element-populated\">\n\t\t\t\t\t\t<div class=\"elementor-element elementor-element-cf2c42f elementor-widget elementor-widget-image\" data-id=\"cf2c42f\" data-element_type=\"widget\" data-e-type=\"widget\" data-widget_type=\"image.default\">\n\t\t\t\t<div class=\"elementor-widget-container\">\n\t\t\t\t\t\t\t\t\t\t\t\t\t\t\t<img fetchpriority=\"high\" decoding=\"async\" width=\"1000\" height=\"750\" src=\"https:\/\/centrumsamopomocy.pl\/wp-content\/uploads\/2025\/10\/559005405_1240005588163710_1692204459616695082_n.jpg\" class=\"attachment-large size-large wp-image-5169\" alt=\"\" srcset=\"https:\/\/centrumsamopomocy.pl\/wp-content\/uploads\/2025\/10\/559005405_1240005588163710_1692204459616695082_n.jpg 1000w, https:\/\/centrumsamopomocy.pl\/wp-content\/uploads\/2025\/10\/559005405_1240005588163710_1692204459616695082_n-300x225.jpg 300w, https:\/\/centrumsamopomocy.pl\/wp-content\/uploads\/2025\/10\/559005405_1240005588163710_1692204459616695082_n-768x576.jpg 768w\" sizes=\"(max-width: 1000px) 100vw, 1000px\" \/>\t\t\t\t\t\t\t\t\t\t\t\t\t\t\t<\/div>\n\t\t\t\t<\/div>\n\t\t\t\t<div class=\"elementor-element elementor-element-2059b3b elementor-widget elementor-widget-image\" data-id=\"2059b3b\" data-element_type=\"widget\" data-e-type=\"widget\" data-widget_type=\"image.default\">\n\t\t\t\t<div class=\"elementor-widget-container\">\n\t\t\t\t\t\t\t\t\t\t\t\t\t\t\t<img decoding=\"async\" width=\"1024\" height=\"626\" src=\"https:\/\/centrumsamopomocy.pl\/wp-content\/uploads\/2025\/10\/561946177_122109166395006282_6533375817091842220_n-1-1024x626.jpg\" class=\"attachment-large size-large wp-image-5159\" alt=\"\" srcset=\"https:\/\/centrumsamopomocy.pl\/wp-content\/uploads\/2025\/10\/561946177_122109166395006282_6533375817091842220_n-1-1024x626.jpg 1024w, https:\/\/centrumsamopomocy.pl\/wp-content\/uploads\/2025\/10\/561946177_122109166395006282_6533375817091842220_n-1-300x183.jpg 300w, https:\/\/centrumsamopomocy.pl\/wp-content\/uploads\/2025\/10\/561946177_122109166395006282_6533375817091842220_n-1-768x469.jpg 768w, https:\/\/centrumsamopomocy.pl\/wp-content\/uploads\/2025\/10\/561946177_122109166395006282_6533375817091842220_n-1-1536x938.jpg 1536w, https:\/\/centrumsamopomocy.pl\/wp-content\/uploads\/2025\/10\/561946177_122109166395006282_6533375817091842220_n-1.jpg 2048w\" sizes=\"(max-width: 1024px) 100vw, 1024px\" \/>\t\t\t\t\t\t\t\t\t\t\t\t\t\t\t<\/div>\n\t\t\t\t<\/div>\n\t\t\t\t\t<\/div>\n\t\t<\/div>\n\t\t\t\t\t<\/div>\n\t\t<\/section>\n\t\t\t\t<section class=\"elementor-section elementor-top-section elementor-element elementor-element-64841c7 elementor-section-boxed elementor-section-height-default elementor-section-height-default\" data-id=\"64841c7\" data-element_type=\"section\" data-e-type=\"section\">\n\t\t\t\t\t\t<div class=\"elementor-container elementor-column-gap-default\">\n\t\t\t\t\t<div class=\"elementor-column elementor-col-100 elementor-top-column elementor-element elementor-element-eee87d0\" data-id=\"eee87d0\" data-element_type=\"column\" data-e-type=\"column\">\n\t\t\t<div class=\"elementor-widget-wrap elementor-element-populated\">\n\t\t\t\t\t\t<div class=\"elementor-element elementor-element-5428d3b elementor-widget elementor-widget-image\" data-id=\"5428d3b\" data-element_type=\"widget\" data-e-type=\"widget\" data-widget_type=\"image.default\">\n\t\t\t\t<div class=\"elementor-widget-container\">\n\t\t\t\t\t\t\t\t\t\t\t\t\t\t\t<img decoding=\"async\" width=\"1000\" height=\"750\" src=\"https:\/\/centrumsamopomocy.pl\/wp-content\/uploads\/2025\/10\/559416271_1240005821497020_4944283750625386792_n.jpg\" class=\"attachment-large size-large wp-image-5168\" alt=\"\" srcset=\"https:\/\/centrumsamopomocy.pl\/wp-content\/uploads\/2025\/10\/559416271_1240005821497020_4944283750625386792_n.jpg 1000w, https:\/\/centrumsamopomocy.pl\/wp-content\/uploads\/2025\/10\/559416271_1240005821497020_4944283750625386792_n-300x225.jpg 300w, https:\/\/centrumsamopomocy.pl\/wp-content\/uploads\/2025\/10\/559416271_1240005821497020_4944283750625386792_n-768x576.jpg 768w\" sizes=\"(max-width: 1000px) 100vw, 1000px\" \/>\t\t\t\t\t\t\t\t\t\t\t\t\t\t\t<\/div>\n\t\t\t\t<\/div>\n\t\t\t\t\t<\/div>\n\t\t<\/div>\n\t\t\t\t\t<\/div>\n\t\t<\/section>\n\t\t\t\t<\/div>\n\t\t","protected":false},"excerpt":{"rendered":"<p>Centrum Samopomocy na konferencji podczas Dni Solidarno\u015bci z Osobami Do\u015bwiadczaj\u0105cymi Kryzys\u00f3w Psychicznych Nasze Centrum Samopomocy uczestniczy\u0142o w konferencji na Uniwersytecie Gda\u0144skim, organizowanej w ramach Dni Solidarno\u015bci z Osobami Do\u015bwiadczaj\u0105cymi Kryzys\u00f3w Psychicznych.Podczas wydarzenia zaprezentowali\u015bmy dzia\u0142ania, kt\u00f3re pomagaj\u0105 budowa\u0107 sie\u0107 wsparcia opart\u0105 na empatii, zrozumieniu i solidarno\u015bci. Rozmawiali\u015bmy o mitach i faktach dotycz\u0105cych zdrowia psychicznego, o sile [&hellip;]<\/p>\n","protected":false},"author":8,"featured_media":5156,"comment_status":"closed","ping_status":"closed","sticky":false,"template":"","format":"standard","meta":{"_monsterinsights_skip_tracking":false,"_monsterinsights_sitenote_active":false,"_monsterinsights_sitenote_note":"","_monsterinsights_sitenote_category":0,"_uf_show_specific_survey":0,"_uf_disable_surveys":false,"ocean_post_layout":"","ocean_both_sidebars_style":"","ocean_both_sidebars_content_width":0,"ocean_both_sidebars_sidebars_width":0,"ocean_sidebar":"","ocean_second_sidebar":"","ocean_disable_margins":"enable","ocean_add_body_class":"","ocean_shortcode_before_top_bar":"","ocean_shortcode_after_top_bar":"","ocean_shortcode_before_header":"","ocean_shortcode_after_header":"","ocean_has_shortcode":"","ocean_shortcode_after_title":"","ocean_shortcode_before_footer_widgets":"","ocean_shortcode_after_footer_widgets":"","ocean_shortcode_before_footer_bottom":"","ocean_shortcode_after_footer_bottom":"","ocean_display_top_bar":"default","ocean_display_header":"default","ocean_header_style":"","ocean_center_header_left_menu":"","ocean_custom_header_template":"","ocean_custom_logo":0,"ocean_custom_retina_logo":0,"ocean_custom_logo_max_width":0,"ocean_custom_logo_tablet_max_width":0,"ocean_custom_logo_mobile_max_width":0,"ocean_custom_logo_max_height":0,"ocean_custom_logo_tablet_max_height":0,"ocean_custom_logo_mobile_max_height":0,"ocean_header_custom_menu":"","ocean_menu_typo_font_family":"","ocean_menu_typo_font_subset":"","ocean_menu_typo_font_size":0,"ocean_menu_typo_font_size_tablet":0,"ocean_menu_typo_font_size_mobile":0,"ocean_menu_typo_font_size_unit":"px","ocean_menu_typo_font_weight":"","ocean_menu_typo_font_weight_tablet":"","ocean_menu_typo_font_weight_mobile":"","ocean_menu_typo_transform":"","ocean_menu_typo_transform_tablet":"","ocean_menu_typo_transform_mobile":"","ocean_menu_typo_line_height":0,"ocean_menu_typo_line_height_tablet":0,"ocean_menu_typo_line_height_mobile":0,"ocean_menu_typo_line_height_unit":"","ocean_menu_typo_spacing":0,"ocean_menu_typo_spacing_tablet":0,"ocean_menu_typo_spacing_mobile":0,"ocean_menu_typo_spacing_unit":"","ocean_menu_link_color":"","ocean_menu_link_color_hover":"","ocean_menu_link_color_active":"","ocean_menu_link_background":"","ocean_menu_link_hover_background":"","ocean_menu_link_active_background":"","ocean_menu_social_links_bg":"","ocean_menu_social_hover_links_bg":"","ocean_menu_social_links_color":"","ocean_menu_social_hover_links_color":"","ocean_disable_title":"default","ocean_disable_heading":"default","ocean_post_title":"","ocean_post_subheading":"","ocean_post_title_style":"","ocean_post_title_background_color":"","ocean_post_title_background":0,"ocean_post_title_bg_image_position":"","ocean_post_title_bg_image_attachment":"","ocean_post_title_bg_image_repeat":"","ocean_post_title_bg_image_size":"","ocean_post_title_height":0,"ocean_post_title_bg_overlay":0.5,"ocean_post_title_bg_overlay_color":"","ocean_disable_breadcrumbs":"default","ocean_breadcrumbs_color":"","ocean_breadcrumbs_separator_color":"","ocean_breadcrumbs_links_color":"","ocean_breadcrumbs_links_hover_color":"","ocean_display_footer_widgets":"default","ocean_display_footer_bottom":"default","ocean_custom_footer_template":"","ocean_post_oembed":"","ocean_post_self_hosted_media":"","ocean_post_video_embed":"","ocean_link_format":"","ocean_link_format_target":"self","ocean_quote_format":"","ocean_quote_format_link":"post","ocean_gallery_link_images":"off","ocean_gallery_id":[],"footnotes":""},"categories":[1],"tags":[],"class_list":["post-5155","post","type-post","status-publish","format-standard","has-post-thumbnail","hentry","category-aktualnosci","entry","has-media"],"aioseo_notices":[],"_links":{"self":[{"href":"https:\/\/centrumsamopomocy.pl\/index.php?rest_route=\/wp\/v2\/posts\/5155","targetHints":{"allow":["GET"]}}],"collection":[{"href":"https:\/\/centrumsamopomocy.pl\/index.php?rest_route=\/wp\/v2\/posts"}],"about":[{"href":"https:\/\/centrumsamopomocy.pl\/index.php?rest_route=\/wp\/v2\/types\/post"}],"author":[{"embeddable":true,"href":"https:\/\/centrumsamopomocy.pl\/index.php?rest_route=\/wp\/v2\/users\/8"}],"replies":[{"embeddable":true,"href":"https:\/\/centrumsamopomocy.pl\/index.php?rest_route=%2Fwp%2Fv2%2Fcomments&post=5155"}],"version-history":[{"count":7,"href":"https:\/\/centrumsamopomocy.pl\/index.php?rest_route=\/wp\/v2\/posts\/5155\/revisions"}],"predecessor-version":[{"id":5172,"href":"https:\/\/centrumsamopomocy.pl\/index.php?rest_route=\/wp\/v2\/posts\/5155\/revisions\/5172"}],"wp:featuredmedia":[{"embeddable":true,"href":"https:\/\/centrumsamopomocy.pl\/index.php?rest_route=\/wp\/v2\/media\/5156"}],"wp:attachment":[{"href":"https:\/\/centrumsamopomocy.pl\/index.php?rest_route=%2Fwp%2Fv2%2Fmedia&parent=5155"}],"wp:term":[{"taxonomy":"category","embeddable":true,"href":"https:\/\/centrumsamopomocy.pl\/index.php?rest_route=%2Fwp%2Fv2%2Fcategories&post=5155"},{"taxonomy":"post_tag","embeddable":true,"href":"https:\/\/centrumsamopomocy.pl\/index.php?rest_route=%2Fwp%2Fv2%2Ftags&post=5155"}],"curies":[{"name":"wp","href":"https:\/\/api.w.org\/{rel}","templated":true}]}}