{"id":4107,"date":"2024-06-28T11:00:50","date_gmt":"2024-06-28T09:00:50","guid":{"rendered":"https:\/\/centrumsamopomocy.pl\/?p=4107"},"modified":"2025-09-02T21:53:25","modified_gmt":"2025-09-02T19:53:25","slug":"kongres-zdrowia-psychicznego-2024-w-warszawie","status":"publish","type":"post","link":"https:\/\/centrumsamopomocy.pl\/?p=4107","title":{"rendered":"Kongres Zdrowia Psychicznego 2024 w Warszawie"},"content":{"rendered":"\t\t<div data-elementor-type=\"wp-post\" data-elementor-id=\"4107\" class=\"elementor elementor-4107\">\n\t\t\t\t\t\t<section class=\"elementor-section elementor-top-section elementor-element elementor-element-d682f99 elementor-section-boxed elementor-section-height-default elementor-section-height-default\" data-id=\"d682f99\" data-element_type=\"section\" data-e-type=\"section\">\n\t\t\t\t\t\t<div class=\"elementor-container elementor-column-gap-default\">\n\t\t\t\t\t<div class=\"elementor-column elementor-col-100 elementor-top-column elementor-element elementor-element-7d9a52d\" data-id=\"7d9a52d\" data-element_type=\"column\" data-e-type=\"column\">\n\t\t\t<div class=\"elementor-widget-wrap elementor-element-populated\">\n\t\t\t\t\t\t<div class=\"elementor-element elementor-element-5d68bad elementor-widget elementor-widget-heading\" data-id=\"5d68bad\" data-element_type=\"widget\" data-e-type=\"widget\" data-widget_type=\"heading.default\">\n\t\t\t\t<div class=\"elementor-widget-container\">\n\t\t\t\t\t<h2 class=\"elementor-heading-title elementor-size-default\">Kongres Zdrowia Psychicznego 2024 <br>\nw Warszawie<\/h2>\t\t\t\t<\/div>\n\t\t\t\t<\/div>\n\t\t\t\t<div class=\"elementor-element elementor-element-58f380a elementor-widget elementor-widget-heading\" data-id=\"58f380a\" data-element_type=\"widget\" data-e-type=\"widget\" data-widget_type=\"heading.default\">\n\t\t\t\t<div class=\"elementor-widget-container\">\n\t\t\t\t\t<h2 class=\"elementor-heading-title elementor-size-large\">Razem ku zdrowiu psychicznemu \u2013 wsp\u00f3lny cel, wsp\u00f3lne dobro!<\/h2>\t\t\t\t<\/div>\n\t\t\t\t<\/div>\n\t\t\t\t\t<\/div>\n\t\t<\/div>\n\t\t\t\t\t<\/div>\n\t\t<\/section>\n\t\t\t\t<section class=\"elementor-section elementor-top-section elementor-element elementor-element-b7e3eaf elementor-section-boxed elementor-section-height-default elementor-section-height-default\" data-id=\"b7e3eaf\" data-element_type=\"section\" data-e-type=\"section\">\n\t\t\t\t\t\t<div class=\"elementor-container elementor-column-gap-default\">\n\t\t\t\t\t<div class=\"elementor-column elementor-col-50 elementor-top-column elementor-element elementor-element-7528cd9\" data-id=\"7528cd9\" data-element_type=\"column\" data-e-type=\"column\">\n\t\t\t<div class=\"elementor-widget-wrap elementor-element-populated\">\n\t\t\t\t\t\t<div class=\"elementor-element elementor-element-48e3c0d elementor-widget elementor-widget-text-editor\" data-id=\"48e3c0d\" data-element_type=\"widget\" data-e-type=\"widget\" data-widget_type=\"text-editor.default\">\n\t\t\t\t<div class=\"elementor-widget-container\">\n\t\t\t\t\t\t\t\t\t<strong>T\u0142oczno i g\u0142o\u015bno przywita\u0142a nas Warszawa. Stukotem walizek i widokiem ogrodze\u0144 budowlanych wok\u00f3\u0142 Placu Defilad. W Pa\u0142acu Kultury i Nauki, marmurami i kilkunastometrowym w\u0119\u017cykiem kolejki do rejestracji IV Kongresu Zdrowia Psychicznego. Kiedy mogli\u015bmy ju\u017c zasi\u0105\u015b\u0107 w rz\u0119dach krzese\u0142 przygotowanych na uczestnictwo kilkuset os\u00f3b, odetchn\u0119li\u015bmy z ulg\u0105. Mimo zm\u0119czenia wczesn\u0105 por\u0105 podr\u00f3\u017cy, mogli\u015bmy zacz\u0105\u0107 celebrowa\u0107 nieformalne \u015bwi\u0119to polskiej psychiatrii.<\/strong>\t\t\t\t\t\t\t\t<\/div>\n\t\t\t\t<\/div>\n\t\t\t\t\t<\/div>\n\t\t<\/div>\n\t\t\t\t<div class=\"elementor-column elementor-col-50 elementor-top-column elementor-element elementor-element-f8bc48f\" data-id=\"f8bc48f\" data-element_type=\"column\" data-e-type=\"column\">\n\t\t\t<div class=\"elementor-widget-wrap\">\n\t\t\t\t\t\t\t<\/div>\n\t\t<\/div>\n\t\t\t\t\t<\/div>\n\t\t<\/section>\n\t\t\t\t<section class=\"elementor-section elementor-top-section elementor-element elementor-element-eaf1d83 elementor-section-boxed elementor-section-height-default elementor-section-height-default\" data-id=\"eaf1d83\" data-element_type=\"section\" data-e-type=\"section\">\n\t\t\t\t\t\t<div class=\"elementor-container elementor-column-gap-default\">\n\t\t\t\t\t<div class=\"elementor-column elementor-col-50 elementor-top-column elementor-element elementor-element-ab6addb\" data-id=\"ab6addb\" data-element_type=\"column\" data-e-type=\"column\">\n\t\t\t<div class=\"elementor-widget-wrap elementor-element-populated\">\n\t\t\t\t\t\t<div class=\"elementor-element elementor-element-fb505ee elementor-widget elementor-widget-text-editor\" data-id=\"fb505ee\" data-element_type=\"widget\" data-e-type=\"widget\" data-widget_type=\"text-editor.default\">\n\t\t\t\t<div class=\"elementor-widget-container\">\n\t\t\t\t\t\t\t\t\tPrzyjechali\u015bmy do stolicy zdaj\u0105c sobie spraw\u0119 jak wa\u017cne i wzmacniaj\u0105ce jest sieciowania si\u0119 z innymi organizacjami dzia\u0142aj\u0105cymi w obszarze wspierania os\u00f3b w kryzysach psychicznych oraz w\u0142\u0105czenie si\u0119 w nurt zmian na tym polu. Jednak r\u00f3wnie istotna by\u0142a dla nas rola przyjaci\u00f3\u0142 Kongresu, czyli instytucji, kt\u00f3ra do\u0142\u0105cza sw\u00f3j g\u0142os do dialogu (dw\u00f3ch naszych przedstawicieli przyj\u0119\u0142o zaproszenie do udzia\u0142u w panelach), wzmacnia jego przekaz, jest ambasadork\u0105 wypracowanych idei. I tak dziewi\u0119\u0107 os\u00f3b \u2013 sze\u015bcioro pracownik\u00f3w Centrum Samopomocy reprezentuj\u0105cych ka\u017cd\u0105 z przestrzeni naszej aktywno\u015bci: doradztwo spo\u0142eczno-zawodowe, kluby samopomocy, edukacj\u0119 na rzecz zdrowia psychicznego, oraz trzy osoby przygotowywane do funkcji \u017bywych Ksi\u0105\u017cek* \u2013 do\u0142\u0105czy\u0142o do og\u00f3lnopolskiego zjazdu, by s\u0142ucha\u0107, ch\u0142on\u0105\u0107 i debatowa\u0107. Towarzyszy\u0142 nam przy tym po prostu apetyt na spotkania z m\u0105drymi, ciekawymi lud\u017ami o otwartych g\u0142owach.\t\t\t\t\t\t\t\t<\/div>\n\t\t\t\t<\/div>\n\t\t\t\t\t<\/div>\n\t\t<\/div>\n\t\t\t\t<div class=\"elementor-column elementor-col-50 elementor-top-column elementor-element elementor-element-65f970b\" data-id=\"65f970b\" data-element_type=\"column\" data-e-type=\"column\">\n\t\t\t<div class=\"elementor-widget-wrap elementor-element-populated\">\n\t\t\t\t\t\t<div class=\"elementor-element elementor-element-401200e elementor-widget elementor-widget-image\" data-id=\"401200e\" data-element_type=\"widget\" data-e-type=\"widget\" data-widget_type=\"image.default\">\n\t\t\t\t<div class=\"elementor-widget-container\">\n\t\t\t\t\t\t\t\t\t\t\t\t\t\t\t<img fetchpriority=\"high\" decoding=\"async\" width=\"1024\" height=\"768\" src=\"https:\/\/centrumsamopomocy.pl\/wp-content\/uploads\/2024\/06\/kongres-4-1024x768.jpg\" class=\"attachment-large size-large wp-image-4116\" alt=\"\" srcset=\"https:\/\/centrumsamopomocy.pl\/wp-content\/uploads\/2024\/06\/kongres-4-1024x768.jpg 1024w, https:\/\/centrumsamopomocy.pl\/wp-content\/uploads\/2024\/06\/kongres-4-300x225.jpg 300w, https:\/\/centrumsamopomocy.pl\/wp-content\/uploads\/2024\/06\/kongres-4-768x576.jpg 768w, https:\/\/centrumsamopomocy.pl\/wp-content\/uploads\/2024\/06\/kongres-4-1536x1152.jpg 1536w, https:\/\/centrumsamopomocy.pl\/wp-content\/uploads\/2024\/06\/kongres-4.jpg 2048w\" sizes=\"(max-width: 1024px) 100vw, 1024px\" \/>\t\t\t\t\t\t\t\t\t\t\t\t\t\t\t<\/div>\n\t\t\t\t<\/div>\n\t\t\t\t\t<\/div>\n\t\t<\/div>\n\t\t\t\t\t<\/div>\n\t\t<\/section>\n\t\t\t\t<section class=\"elementor-section elementor-top-section elementor-element elementor-element-68948d6 elementor-section-boxed elementor-section-height-default elementor-section-height-default\" data-id=\"68948d6\" data-element_type=\"section\" data-e-type=\"section\">\n\t\t\t\t\t\t<div class=\"elementor-container elementor-column-gap-default\">\n\t\t\t\t\t<div class=\"elementor-column elementor-col-50 elementor-top-column elementor-element elementor-element-8b4ead1\" data-id=\"8b4ead1\" data-element_type=\"column\" data-e-type=\"column\">\n\t\t\t<div class=\"elementor-widget-wrap elementor-element-populated\">\n\t\t\t\t\t\t<div class=\"elementor-element elementor-element-903eee3 elementor-widget elementor-widget-text-editor\" data-id=\"903eee3\" data-element_type=\"widget\" data-e-type=\"widget\" data-widget_type=\"text-editor.default\">\n\t\t\t\t<div class=\"elementor-widget-container\">\n\t\t\t\t\t\t\t\t\tBo na Kongresie zebrali si\u0119 eksperci, aktywi\u015bci, pasjonaci ze wszystkich stron Polski \u2013 psychiatrzy, psychologowie, pedagodzy, socjologowie, samorz\u0105dowcy oraz osoby zaanga\u017cowane w prac\u0119 socjaln\u0105 i w promocj\u0119 zdrowia psychicznego. Prelegenci reprezentowali zar\u00f3wno publiczne instytucje, jak i organizacje z sektora pozarz\u0105dowego, a ich g\u0142osy dope\u0142nia\u0142y si\u0119, tworzy\u0142y miejsce na wymian\u0119 do\u015bwiadcze\u0144 i opinii. Przyjechali, by wzmocni\u0107 si\u0119 nawzajem w dokonywaniu zmian oddolnych, ale szczeg\u00f3lnie tych na szczeblu ustawodawczym.\t\t\t\t\t\t\t\t<\/div>\n\t\t\t\t<\/div>\n\t\t\t\t\t<\/div>\n\t\t<\/div>\n\t\t\t\t<div class=\"elementor-column elementor-col-50 elementor-top-column elementor-element elementor-element-1637813\" data-id=\"1637813\" data-element_type=\"column\" data-e-type=\"column\">\n\t\t\t<div class=\"elementor-widget-wrap elementor-element-populated\">\n\t\t\t\t\t\t<div class=\"elementor-element elementor-element-a86d294 elementor-widget elementor-widget-image\" data-id=\"a86d294\" data-element_type=\"widget\" data-e-type=\"widget\" data-widget_type=\"image.default\">\n\t\t\t\t<div class=\"elementor-widget-container\">\n\t\t\t\t\t\t\t\t\t\t\t\t\t\t\t<img decoding=\"async\" width=\"1024\" height=\"768\" src=\"https:\/\/centrumsamopomocy.pl\/wp-content\/uploads\/2024\/06\/kongres-1-1024x768.jpg\" class=\"attachment-large size-large wp-image-4119\" alt=\"\" srcset=\"https:\/\/centrumsamopomocy.pl\/wp-content\/uploads\/2024\/06\/kongres-1-1024x768.jpg 1024w, https:\/\/centrumsamopomocy.pl\/wp-content\/uploads\/2024\/06\/kongres-1-300x225.jpg 300w, https:\/\/centrumsamopomocy.pl\/wp-content\/uploads\/2024\/06\/kongres-1-768x576.jpg 768w, https:\/\/centrumsamopomocy.pl\/wp-content\/uploads\/2024\/06\/kongres-1-1536x1152.jpg 1536w, https:\/\/centrumsamopomocy.pl\/wp-content\/uploads\/2024\/06\/kongres-1.jpg 2048w\" sizes=\"(max-width: 1024px) 100vw, 1024px\" \/>\t\t\t\t\t\t\t\t\t\t\t\t\t\t\t<\/div>\n\t\t\t\t<\/div>\n\t\t\t\t\t<\/div>\n\t\t<\/div>\n\t\t\t\t\t<\/div>\n\t\t<\/section>\n\t\t\t\t<section class=\"elementor-section elementor-top-section elementor-element elementor-element-cea0981 elementor-section-boxed elementor-section-height-default elementor-section-height-default\" data-id=\"cea0981\" data-element_type=\"section\" data-e-type=\"section\">\n\t\t\t\t\t\t<div class=\"elementor-container elementor-column-gap-default\">\n\t\t\t\t\t<div class=\"elementor-column elementor-col-50 elementor-top-column elementor-element elementor-element-b3ce9bd\" data-id=\"b3ce9bd\" data-element_type=\"column\" data-e-type=\"column\">\n\t\t\t<div class=\"elementor-widget-wrap elementor-element-populated\">\n\t\t\t\t\t\t<div class=\"elementor-element elementor-element-5558780 elementor-widget elementor-widget-text-editor\" data-id=\"5558780\" data-element_type=\"widget\" data-e-type=\"widget\" data-widget_type=\"text-editor.default\">\n\t\t\t\t<div class=\"elementor-widget-container\">\n\t\t\t\t\t\t\t\t\tDyskusje o\u017cywia\u0142 <strong>wsp\u00f3lny cel<\/strong> \u2013 dokonywanie faktycznego przeobra\u017cania przysz\u0142o\u015bci krajowej psychiatrii w system przyjazny ka\u017cdemu, kto b\u0119dzie mia\u0142 potrzeb\u0119 z niego skorzysta\u0107. Kongres jest spo\u0142eczn\u0105 inicjatyw\u0105 powo\u0142an\u0105 i organizowan\u0105 od 2017 roku przez (mi\u0119dzy innymi**) <span style=\"color: #00ccff;\"><a style=\"color: #00ccff;\" href=\"https:\/\/ef.org.pl\/\" target=\"_blank\" rel=\"noopener\">Fundacj\u0119 eFkropka<\/a><\/span>, kt\u00f3rej misj\u0105 jest zapobieganie izolacji os\u00f3b po kryzysie zdrowia psychicznego, przeciwdzia\u0142anie ich stygmatyzacji i prze\u0142amywanie stereotyp\u00f3w zwi\u0105zanych z chorobami psychicznymi. Uda\u0142o im si\u0119 stworzy\u0107 \u017cyw\u0105 przestrze\u0144, kt\u00f3ra gromadz\u0105c ludzi wok\u00f3\u0142 wa\u017cnej misji, staje si\u0119 jednocze\u015bnie form\u0105 samopomocy dla instytucji i organizacji, wspieraj\u0105cych si\u0119 nawzajem tam, gdzie ko\u0144cz\u0105 si\u0119 mo\u017cliwo\u015bci systemowe.\t\t\t\t\t\t\t\t<\/div>\n\t\t\t\t<\/div>\n\t\t\t\t\t<\/div>\n\t\t<\/div>\n\t\t\t\t<div class=\"elementor-column elementor-col-50 elementor-top-column elementor-element elementor-element-bd15b80\" data-id=\"bd15b80\" data-element_type=\"column\" data-e-type=\"column\">\n\t\t\t<div class=\"elementor-widget-wrap\">\n\t\t\t\t\t\t\t<\/div>\n\t\t<\/div>\n\t\t\t\t\t<\/div>\n\t\t<\/section>\n\t\t\t\t<section class=\"elementor-section elementor-top-section elementor-element elementor-element-4241908 elementor-section-boxed elementor-section-height-default elementor-section-height-default\" data-id=\"4241908\" data-element_type=\"section\" data-e-type=\"section\">\n\t\t\t\t\t\t<div class=\"elementor-container elementor-column-gap-default\">\n\t\t\t\t\t<div class=\"elementor-column elementor-col-50 elementor-top-column elementor-element elementor-element-f6ac3b6\" data-id=\"f6ac3b6\" data-element_type=\"column\" data-e-type=\"column\">\n\t\t\t<div class=\"elementor-widget-wrap elementor-element-populated\">\n\t\t\t\t\t\t\t<\/div>\n\t\t<\/div>\n\t\t\t\t<div class=\"elementor-column elementor-col-50 elementor-top-column elementor-element elementor-element-aa803cc\" data-id=\"aa803cc\" data-element_type=\"column\" data-e-type=\"column\">\n\t\t\t<div class=\"elementor-widget-wrap elementor-element-populated\">\n\t\t\t\t\t\t<div class=\"elementor-element elementor-element-582dd59 elementor-widget elementor-widget-heading\" data-id=\"582dd59\" data-element_type=\"widget\" data-e-type=\"widget\" data-widget_type=\"heading.default\">\n\t\t\t\t<div class=\"elementor-widget-container\">\n\t\t\t\t\t<h2 class=\"elementor-heading-title elementor-size-default\">System to nie wszystko<\/h2>\t\t\t\t<\/div>\n\t\t\t\t<\/div>\n\t\t\t\t\t<\/div>\n\t\t<\/div>\n\t\t\t\t\t<\/div>\n\t\t<\/section>\n\t\t\t\t<section class=\"elementor-section elementor-top-section elementor-element elementor-element-85321f1 elementor-section-boxed elementor-section-height-default elementor-section-height-default\" data-id=\"85321f1\" data-element_type=\"section\" data-e-type=\"section\">\n\t\t\t\t\t\t<div class=\"elementor-container elementor-column-gap-default\">\n\t\t\t\t\t<div class=\"elementor-column elementor-col-50 elementor-top-column elementor-element elementor-element-2c1b4a7\" data-id=\"2c1b4a7\" data-element_type=\"column\" data-e-type=\"column\">\n\t\t\t<div class=\"elementor-widget-wrap elementor-element-populated\">\n\t\t\t\t\t\t<div class=\"elementor-element elementor-element-788bf10 elementor-widget elementor-widget-image\" data-id=\"788bf10\" data-element_type=\"widget\" data-e-type=\"widget\" data-widget_type=\"image.default\">\n\t\t\t\t<div class=\"elementor-widget-container\">\n\t\t\t\t\t\t\t\t\t\t\t\t\t\t\t<img decoding=\"async\" width=\"1024\" height=\"768\" src=\"https:\/\/centrumsamopomocy.pl\/wp-content\/uploads\/2024\/06\/kongres-2-1024x768.jpg\" class=\"attachment-large size-large wp-image-4118\" alt=\"\" srcset=\"https:\/\/centrumsamopomocy.pl\/wp-content\/uploads\/2024\/06\/kongres-2-1024x768.jpg 1024w, https:\/\/centrumsamopomocy.pl\/wp-content\/uploads\/2024\/06\/kongres-2-300x225.jpg 300w, https:\/\/centrumsamopomocy.pl\/wp-content\/uploads\/2024\/06\/kongres-2-768x576.jpg 768w, https:\/\/centrumsamopomocy.pl\/wp-content\/uploads\/2024\/06\/kongres-2-1536x1152.jpg 1536w, https:\/\/centrumsamopomocy.pl\/wp-content\/uploads\/2024\/06\/kongres-2.jpg 2048w\" sizes=\"(max-width: 1024px) 100vw, 1024px\" \/>\t\t\t\t\t\t\t\t\t\t\t\t\t\t\t<\/div>\n\t\t\t\t<\/div>\n\t\t\t\t\t<\/div>\n\t\t<\/div>\n\t\t\t\t<div class=\"elementor-column elementor-col-50 elementor-top-column elementor-element elementor-element-9a5b5fc\" data-id=\"9a5b5fc\" data-element_type=\"column\" data-e-type=\"column\">\n\t\t\t<div class=\"elementor-widget-wrap elementor-element-populated\">\n\t\t\t\t\t\t<div class=\"elementor-element elementor-element-28d1f16 elementor-widget elementor-widget-text-editor\" data-id=\"28d1f16\" data-element_type=\"widget\" data-e-type=\"widget\" data-widget_type=\"text-editor.default\">\n\t\t\t\t<div class=\"elementor-widget-container\">\n\t\t\t\t\t\t\t\t\tU podstaw motywacji uczestnik\u00f3w do zmian le\u017cy empatia, dlatego te\u017c wyk\u0142ad wprowadzaj\u0105cy Cezarego \u017bechowskiego*** dotyczy\u0142 w\u0142a\u015bnie jej. Stanowi ona punkt wyj\u015bcia, gdy oceniamy stan psychiatrii dzi\u015b i gdy wyznaczamy horyzont transformacji. Ale tematyka wyk\u0142ad\u00f3w i debat kre\u015bli\u0142a perspektyw\u0119 szeroko. By\u0142o miejsce na ewaluacj\u0119 wdra\u017cania pilota\u017cowego programu Centr\u00f3w Zdrowia Psychicznego, kt\u00f3rego powstanie by\u0142o efektem prac podczas poprzednich edycji Kongresu. W jaki spos\u00f3b uzupe\u0142niaj\u0105 opiek\u0119 szpitaln\u0105? Jaki jest kierunek ich rozwoju? Odpowiedzi na podobne pytania szukali paneli\u015bci.\t\t\t\t\t\t\t\t<\/div>\n\t\t\t\t<\/div>\n\t\t\t\t\t<\/div>\n\t\t<\/div>\n\t\t\t\t\t<\/div>\n\t\t<\/section>\n\t\t\t\t<section class=\"elementor-section elementor-top-section elementor-element elementor-element-d6a0743 elementor-section-boxed elementor-section-height-default elementor-section-height-default\" data-id=\"d6a0743\" data-element_type=\"section\" data-e-type=\"section\">\n\t\t\t\t\t\t<div class=\"elementor-container elementor-column-gap-default\">\n\t\t\t\t\t<div class=\"elementor-column elementor-col-50 elementor-top-column elementor-element elementor-element-a7bb249\" data-id=\"a7bb249\" data-element_type=\"column\" data-e-type=\"column\">\n\t\t\t<div class=\"elementor-widget-wrap\">\n\t\t\t\t\t\t\t<\/div>\n\t\t<\/div>\n\t\t\t\t<div class=\"elementor-column elementor-col-50 elementor-top-column elementor-element elementor-element-c824388\" data-id=\"c824388\" data-element_type=\"column\" data-e-type=\"column\">\n\t\t\t<div class=\"elementor-widget-wrap elementor-element-populated\">\n\t\t\t\t\t\t<div class=\"elementor-element elementor-element-54e1517 elementor-widget elementor-widget-text-editor\" data-id=\"54e1517\" data-element_type=\"widget\" data-e-type=\"widget\" data-widget_type=\"text-editor.default\">\n\t\t\t\t<div class=\"elementor-widget-container\">\n\t\t\t\t\t\t\t\t\tNie pomini\u0119to oczywi\u015bcie miejsca na debat\u0119, kt\u00f3rej celem by\u0142o nakre\u015blenie wizji, jak powinien wygl\u0105da\u0107 szpital psychiatryczny. Rozpatrywane by\u0142y r\u00f3\u017cnice w funkcjonowaniu szpitali jednoimiennych oraz tych zlokalizowanych przy wi\u0119kszych o\u015brodkach szpitalnych oraz najbardziej efektywne formy, w jakich powinny by\u0107 finansowane. Definiowano standardy opieki w tych plac\u00f3wkach, rol\u0119 lekarzy, ale tak\u017ce miejsce, jakie zaczynaj\u0105 w nich zajmowa\u0107 asystenci zdrowienia, kt\u00f3rzy swoj\u0105 niekonwencjonaln\u0105, innowacyjn\u0105 wci\u0105\u017c rol\u0105, mog\u0105 wspomaga\u0107 humanizowanie dzia\u0142anie systemu. W tym kontek\u015bcie mocno wybrzmia\u0142y r\u00f3wnie\u017c g\u0142osy na temat praw i wolno\u015bci pacjent\u00f3w, kt\u00f3rzy nieraz do\u015bwiadczaj\u0105 w szpitalach nadu\u017cy\u0107. Szukano wi\u0119c tak\u017ce narz\u0119dzi, kt\u00f3re mog\u0105 ich przed tym chroni\u0107.\t\t\t\t\t\t\t\t<\/div>\n\t\t\t\t<\/div>\n\t\t\t\t\t<\/div>\n\t\t<\/div>\n\t\t\t\t\t<\/div>\n\t\t<\/section>\n\t\t\t\t<section class=\"elementor-section elementor-top-section elementor-element elementor-element-64ca569 elementor-section-boxed elementor-section-height-default elementor-section-height-default\" data-id=\"64ca569\" data-element_type=\"section\" data-e-type=\"section\">\n\t\t\t\t\t\t<div class=\"elementor-container elementor-column-gap-default\">\n\t\t\t\t\t<div class=\"elementor-column elementor-col-50 elementor-top-column elementor-element elementor-element-a3a68fd\" data-id=\"a3a68fd\" data-element_type=\"column\" data-e-type=\"column\">\n\t\t\t<div class=\"elementor-widget-wrap\">\n\t\t\t\t\t\t\t<\/div>\n\t\t<\/div>\n\t\t\t\t<div class=\"elementor-column elementor-col-50 elementor-top-column elementor-element elementor-element-e81a982\" data-id=\"e81a982\" data-element_type=\"column\" data-e-type=\"column\">\n\t\t\t<div class=\"elementor-widget-wrap elementor-element-populated\">\n\t\t\t\t\t\t<div class=\"elementor-element elementor-element-772902e elementor-widget elementor-widget-text-editor\" data-id=\"772902e\" data-element_type=\"widget\" data-e-type=\"widget\" data-widget_type=\"text-editor.default\">\n\t\t\t\t<div class=\"elementor-widget-container\">\n\t\t\t\t\t\t\t\t\tJednak debaty wybiega\u0142y poza schematyczne rozumienie systemu opieki psychiatrycznej i podnosi\u0142y temat szeroko rozumianej profilaktyki oraz sieci wsparcia w \u015brodowisku osoby z do\u015bwiadczeniem kryzysu. Eksponowana by\u0142a rola szko\u0142y jako miejsca, gdzie powinien by\u0107 k\u0142adziony nacisk na edukacj\u0119 dotycz\u0105c\u0105 zdrowia psychicznego oraz kt\u00f3re oferuje podstawowe wsparcie psychologiczne zapewniane przez szkolnego psychologa. Niemniejsze znaczenie przypisywano otoczeniu zawodowemu i roli pracodawc\u00f3w w tworzeniu warunk\u00f3w, kt\u00f3re b\u0119d\u0105 redukowa\u0107 ryzyko wypalenia oraz sprzyja\u0107 ujawnianiu przypadk\u00f3w mobbingu. \t\t\t\t\t\t\t\t<\/div>\n\t\t\t\t<\/div>\n\t\t\t\t\t<\/div>\n\t\t<\/div>\n\t\t\t\t\t<\/div>\n\t\t<\/section>\n\t\t\t\t<section class=\"elementor-section elementor-top-section elementor-element elementor-element-5dc6c37 elementor-section-boxed elementor-section-height-default elementor-section-height-default\" data-id=\"5dc6c37\" data-element_type=\"section\" data-e-type=\"section\">\n\t\t\t\t\t\t<div class=\"elementor-container elementor-column-gap-default\">\n\t\t\t\t\t<div class=\"elementor-column elementor-col-50 elementor-top-column elementor-element elementor-element-4080ec9\" data-id=\"4080ec9\" data-element_type=\"column\" data-e-type=\"column\">\n\t\t\t<div class=\"elementor-widget-wrap elementor-element-populated\">\n\t\t\t\t\t\t<div class=\"elementor-element elementor-element-35f22e8 elementor-widget elementor-widget-heading\" data-id=\"35f22e8\" data-element_type=\"widget\" data-e-type=\"widget\" data-widget_type=\"heading.default\">\n\t\t\t\t<div class=\"elementor-widget-container\">\n\t\t\t\t\t<h2 class=\"elementor-heading-title elementor-size-default\">Blisko osoby chorej<\/h2>\t\t\t\t<\/div>\n\t\t\t\t<\/div>\n\t\t\t\t\t<\/div>\n\t\t<\/div>\n\t\t\t\t<div class=\"elementor-column elementor-col-50 elementor-top-column elementor-element elementor-element-f50c291\" data-id=\"f50c291\" data-element_type=\"column\" data-e-type=\"column\">\n\t\t\t<div class=\"elementor-widget-wrap\">\n\t\t\t\t\t\t\t<\/div>\n\t\t<\/div>\n\t\t\t\t\t<\/div>\n\t\t<\/section>\n\t\t\t\t<section class=\"elementor-section elementor-top-section elementor-element elementor-element-1fb0f61 elementor-section-boxed elementor-section-height-default elementor-section-height-default\" data-id=\"1fb0f61\" data-element_type=\"section\" data-e-type=\"section\">\n\t\t\t\t\t\t<div class=\"elementor-container elementor-column-gap-default\">\n\t\t\t\t\t<div class=\"elementor-column elementor-col-50 elementor-top-column elementor-element elementor-element-cec325e\" data-id=\"cec325e\" data-element_type=\"column\" data-e-type=\"column\">\n\t\t\t<div class=\"elementor-widget-wrap elementor-element-populated\">\n\t\t\t\t\t\t<div class=\"elementor-element elementor-element-742aa61 elementor-widget elementor-widget-text-editor\" data-id=\"742aa61\" data-element_type=\"widget\" data-e-type=\"widget\" data-widget_type=\"text-editor.default\">\n\t\t\t\t<div class=\"elementor-widget-container\">\n\t\t\t\t\t\t\t\t\tPerspektyw\u0119 zaw\u0119\u017cano r\u00f3wnie\u017c do mniejszej, ale nie mnie istotnej, skali i najbli\u017cszego otoczenia os\u00f3b w kryzysie. Podkre\u015blana by\u0142a warto\u015b\u0107 udzia\u0142u rodziny w procesie zdrowienia. Zauwa\u017cona zosta\u0142a potrzeba budowania oferty systemowego wsparcia, kt\u00f3re powinna ona otrzymywa\u0107, by wzmacnia\u0107 nie tylko \u015bwiadomo\u015b\u0107, ale i kompetencje opieki nad osob\u0105 blisk\u0105, kt\u00f3r\u0105 dotkn\u0119\u0142a choroba. Swoj\u0105 optyk\u0119 mog\u0142y przedstawi\u0107 te\u017c organizacje, kt\u00f3re pracuj\u0105 na rzecz lokalnej spo\u0142eczno\u015bci. W panelu moderowanym przez dyrektora Centrum Samopomocy, Piotra Harhaja, deklarowa\u0142y, \u017ce oddolne kszta\u0142towanie \u015bwiadomo\u015bci spo\u0142ecznej dotycz\u0105cej zdrowia psychicznego jest jedn\u0105 z warto\u015bci, kt\u00f3ra im przy\u015bwieca. We wspieraniu zawi\u0105zywania wi\u0119z\u00f3w spo\u0142ecznych bior\u0105 pod uwag\u0119 potrzeby os\u00f3b marginalizowanych czy do\u015bwiadczaj\u0105cych szczeg\u00f3lnych trudno\u015bci w powrocie do \u017cycia spo\u0142ecznego, w tym w\u0142a\u015bnie os\u00f3b z do\u015bwiadczeniem kryzys\u00f3w psychicznych. Dbaj\u0105 r\u00f3wnie\u017c, by dostrzega\u0107 zasoby tych os\u00f3b i minimalizowa\u0107 bariery na drodze do w\u0142\u0105czania ich w nurt nieformalnej, wolontariackiej wymiany us\u0142ug i umiej\u0119tno\u015bci. \t\t\t\t\t\t\t\t<\/div>\n\t\t\t\t<\/div>\n\t\t\t\t\t<\/div>\n\t\t<\/div>\n\t\t\t\t<div class=\"elementor-column elementor-col-50 elementor-top-column elementor-element elementor-element-0592240\" data-id=\"0592240\" data-element_type=\"column\" data-e-type=\"column\">\n\t\t\t<div class=\"elementor-widget-wrap elementor-element-populated\">\n\t\t\t\t\t\t<div class=\"elementor-element elementor-element-1478945 elementor-widget elementor-widget-image\" data-id=\"1478945\" data-element_type=\"widget\" data-e-type=\"widget\" data-widget_type=\"image.default\">\n\t\t\t\t<div class=\"elementor-widget-container\">\n\t\t\t\t\t\t\t\t\t\t\t\t\t\t\t<img loading=\"lazy\" decoding=\"async\" width=\"1024\" height=\"768\" src=\"https:\/\/centrumsamopomocy.pl\/wp-content\/uploads\/2024\/06\/kongres-5-1024x768.jpg\" class=\"attachment-large size-large wp-image-4115\" alt=\"\" srcset=\"https:\/\/centrumsamopomocy.pl\/wp-content\/uploads\/2024\/06\/kongres-5-1024x768.jpg 1024w, https:\/\/centrumsamopomocy.pl\/wp-content\/uploads\/2024\/06\/kongres-5-300x225.jpg 300w, https:\/\/centrumsamopomocy.pl\/wp-content\/uploads\/2024\/06\/kongres-5-768x576.jpg 768w, https:\/\/centrumsamopomocy.pl\/wp-content\/uploads\/2024\/06\/kongres-5-1536x1152.jpg 1536w, https:\/\/centrumsamopomocy.pl\/wp-content\/uploads\/2024\/06\/kongres-5.jpg 2048w\" sizes=\"(max-width: 1024px) 100vw, 1024px\" \/>\t\t\t\t\t\t\t\t\t\t\t\t\t\t\t<\/div>\n\t\t\t\t<\/div>\n\t\t\t\t\t<\/div>\n\t\t<\/div>\n\t\t\t\t\t<\/div>\n\t\t<\/section>\n\t\t\t\t<section class=\"elementor-section elementor-top-section elementor-element elementor-element-8454ce6 elementor-section-boxed elementor-section-height-default elementor-section-height-default\" data-id=\"8454ce6\" data-element_type=\"section\" data-e-type=\"section\">\n\t\t\t\t\t\t<div class=\"elementor-container elementor-column-gap-default\">\n\t\t\t\t\t<div class=\"elementor-column elementor-col-50 elementor-top-column elementor-element elementor-element-12f7a44\" data-id=\"12f7a44\" data-element_type=\"column\" data-e-type=\"column\">\n\t\t\t<div class=\"elementor-widget-wrap elementor-element-populated\">\n\t\t\t\t\t\t<div class=\"elementor-element elementor-element-a5a3279 elementor-widget elementor-widget-text-editor\" data-id=\"a5a3279\" data-element_type=\"widget\" data-e-type=\"widget\" data-widget_type=\"text-editor.default\">\n\t\t\t\t<div class=\"elementor-widget-container\">\n\t\t\t\t\t\t\t\t\tKongres by\u0142 zar\u00f3wno okazj\u0105, by spojrze\u0107 w przysz\u0142o\u015b\u0107 i wymienia\u0107 si\u0119, pomys\u0142ami czy wizjami doskonalenia systemu psychiatrycznego, jak i podzieli\u0107 sposobami, kt\u00f3re ju\u017c praktykujemy w pomaganiu. W tej kwestii Centrum Samopomocy w Gdyni reprezentowa\u0142 Gracjan Zawadzi\u0144ski, kt\u00f3ry korzysta\u0142 ze wsparcia naszej instytucji, by teraz jako dzia\u0142acz spo\u0142eczny zaanga\u017cowa\u0107 si\u0119 w popraw\u0119 jako\u015bci \u017cycia os\u00f3b w kryzysie. Jego g\u0142os uzupe\u0142nia\u0142 perspektyw\u0119 przedstawicieli Centr\u00f3w Zdrowia Psychicznego oraz organizacji pozarz\u0105dowych, kieruj\u0105cych swoje dzia\u0142ania do os\u00f3b z do\u015bwiadczeniem kryzysu czy niepe\u0142nosprawno\u015bci. \t\t\t\t\t\t\t\t<\/div>\n\t\t\t\t<\/div>\n\t\t\t\t\t<\/div>\n\t\t<\/div>\n\t\t\t\t<div class=\"elementor-column elementor-col-50 elementor-top-column elementor-element elementor-element-f6d7294\" data-id=\"f6d7294\" data-element_type=\"column\" data-e-type=\"column\">\n\t\t\t<div class=\"elementor-widget-wrap\">\n\t\t\t\t\t\t\t<\/div>\n\t\t<\/div>\n\t\t\t\t\t<\/div>\n\t\t<\/section>\n\t\t\t\t<section class=\"elementor-section elementor-top-section elementor-element elementor-element-accf0ed elementor-section-boxed elementor-section-height-default elementor-section-height-default\" data-id=\"accf0ed\" data-element_type=\"section\" data-e-type=\"section\">\n\t\t\t\t\t\t<div class=\"elementor-container elementor-column-gap-default\">\n\t\t\t\t\t<div class=\"elementor-column elementor-col-50 elementor-top-column elementor-element elementor-element-2d467f6\" data-id=\"2d467f6\" data-element_type=\"column\" data-e-type=\"column\">\n\t\t\t<div class=\"elementor-widget-wrap\">\n\t\t\t\t\t\t\t<\/div>\n\t\t<\/div>\n\t\t\t\t<div class=\"elementor-column elementor-col-50 elementor-top-column elementor-element elementor-element-fc30d90\" data-id=\"fc30d90\" data-element_type=\"column\" data-e-type=\"column\">\n\t\t\t<div class=\"elementor-widget-wrap elementor-element-populated\">\n\t\t\t\t\t\t<div class=\"elementor-element elementor-element-da8d9bc elementor-widget elementor-widget-heading\" data-id=\"da8d9bc\" data-element_type=\"widget\" data-e-type=\"widget\" data-widget_type=\"heading.default\">\n\t\t\t\t<div class=\"elementor-widget-container\">\n\t\t\t\t\t<h2 class=\"elementor-heading-title elementor-size-default\">Marsz #PoGodno\u015b\u0107<\/h2>\t\t\t\t<\/div>\n\t\t\t\t<\/div>\n\t\t\t\t\t<\/div>\n\t\t<\/div>\n\t\t\t\t\t<\/div>\n\t\t<\/section>\n\t\t\t\t<section class=\"elementor-section elementor-top-section elementor-element elementor-element-664cccc elementor-section-boxed elementor-section-height-default elementor-section-height-default\" data-id=\"664cccc\" data-element_type=\"section\" data-e-type=\"section\">\n\t\t\t\t\t\t<div class=\"elementor-container elementor-column-gap-default\">\n\t\t\t\t\t<div class=\"elementor-column elementor-col-50 elementor-top-column elementor-element elementor-element-6c4b411\" data-id=\"6c4b411\" data-element_type=\"column\" data-e-type=\"column\">\n\t\t\t<div class=\"elementor-widget-wrap\">\n\t\t\t\t\t\t\t<\/div>\n\t\t<\/div>\n\t\t\t\t<div class=\"elementor-column elementor-col-50 elementor-top-column elementor-element elementor-element-3a472fc\" data-id=\"3a472fc\" data-element_type=\"column\" data-e-type=\"column\">\n\t\t\t<div class=\"elementor-widget-wrap elementor-element-populated\">\n\t\t\t\t\t\t<div class=\"elementor-element elementor-element-c853690 elementor-widget elementor-widget-text-editor\" data-id=\"c853690\" data-element_type=\"widget\" data-e-type=\"widget\" data-widget_type=\"text-editor.default\">\n\t\t\t\t<div class=\"elementor-widget-container\">\n\t\t\t\t\t\t\t\t\tPrzed\u0142u\u017ceniem cz\u0119\u015bci stacjonarnej Kongresu by\u0142 Marsz \u017c\u00f3\u0142tej wst\u0105\u017cki, kt\u00f3ry wyszed\u0142 na ulice Warszawy z wezwaniem o dbanie o godno\u015b\u0107 os\u00f3b cierpi\u0105cych na choroby psychiczne. Jego punktem ko\u0144cowym by\u0142a siedziba Ministerstwa Zdrowia na ul. Miodowej, gdzie oficjalnie wr\u0119czone zosta\u0142y kluczowe postulaty Kongresu. G\u0142osi\u0142y one potrzeb\u0119 kontynuacji ju\u017c zainicjowanych zmian i wdra\u017cania nowych rozwi\u0105za\u0144.\t\t\t\t\t\t\t\t<\/div>\n\t\t\t\t<\/div>\n\t\t\t\t\t<\/div>\n\t\t<\/div>\n\t\t\t\t\t<\/div>\n\t\t<\/section>\n\t\t\t\t<section class=\"elementor-section elementor-top-section elementor-element elementor-element-46dedd7 elementor-section-boxed elementor-section-height-default elementor-section-height-default\" data-id=\"46dedd7\" data-element_type=\"section\" data-e-type=\"section\">\n\t\t\t\t\t\t<div class=\"elementor-container elementor-column-gap-default\">\n\t\t\t\t\t<div class=\"elementor-column elementor-col-50 elementor-top-column elementor-element elementor-element-3621517\" data-id=\"3621517\" data-element_type=\"column\" data-e-type=\"column\">\n\t\t\t<div class=\"elementor-widget-wrap\">\n\t\t\t\t\t\t\t<\/div>\n\t\t<\/div>\n\t\t\t\t<div class=\"elementor-column elementor-col-50 elementor-top-column elementor-element elementor-element-ca79951\" data-id=\"ca79951\" data-element_type=\"column\" data-e-type=\"column\">\n\t\t\t<div class=\"elementor-widget-wrap elementor-element-populated\">\n\t\t\t\t\t\t<div class=\"elementor-element elementor-element-9cd6506 elementor-widget elementor-widget-text-editor\" data-id=\"9cd6506\" data-element_type=\"widget\" data-e-type=\"widget\" data-widget_type=\"text-editor.default\">\n\t\t\t\t<div class=\"elementor-widget-container\">\n\t\t\t\t\t\t\t\t\tW postulatach wybrzmia\u0142y potrzeby:\n<ul>\n \t<li>zwi\u0119kszenia finansowania na rzecz opieki psychiatrycznej, kt\u00f3re pomo\u017ce np. wzmocni\u0107 infrastruktur\u0119 &#8211; wybudowa\u0107 lub zmodernizowa\u0107 istniej\u0105ce plac\u00f3wki opieki psychiatrycznej,<\/li><br>\n \t<li>okre\u015blenia zakresu odpowiedzialno\u015bci i autonomii kierownik\u00f3w Centr\u00f3w Zdrowia Psychicznego, kt\u00f3rzy b\u0119d\u0105 mogli czuwa\u0107 nad rozwojem program\u00f3w profilaktycznych,<\/li><br>\n \t<li>ewaluacji pilota\u017cu Narodowego Programu Ochrony Zdrowia Psychicznego w latach 2019-2023, kt\u00f3ry pomo\u017ce zwi\u0119kszy\u0107 efektywno\u015b\u0107 dzia\u0142a\u0144 w przysz\u0142o\u015bci i okre\u015bli\u0107 punkt wyj\u015bcia dla kolejnych program\u00f3w,<\/li><br>\n \t<li>powo\u0142ania Krajowego O\u015brodka ds. Zdrowia Psychicznego, kt\u00f3ry wzmocni wydolno\u015b\u0107 systemu i otworzy szersze mo\u017cliwo\u015bci np. edukacji w temacie zdrowia psychicznego,<\/li><br>\n \t<li>opracowania Standard\u00f3w Organizacyjnych i Standard\u00f3w Terapeutycznych dla Centr\u00f3w Zdrowia Psychicznego, kt\u00f3re jasno okre\u015bl\u0105 zasady organizacji co bezpo\u015brednio pozytywnie wp\u0142ynie na dobrostan pacjent\u00f3w.<\/li>\n<\/ul>\t\t\t\t\t\t\t\t<\/div>\n\t\t\t\t<\/div>\n\t\t\t\t\t<\/div>\n\t\t<\/div>\n\t\t\t\t\t<\/div>\n\t\t<\/section>\n\t\t\t\t<section class=\"elementor-section elementor-top-section elementor-element elementor-element-5cd7629 elementor-section-boxed elementor-section-height-default elementor-section-height-default\" data-id=\"5cd7629\" data-element_type=\"section\" data-e-type=\"section\">\n\t\t\t\t\t\t<div class=\"elementor-container elementor-column-gap-default\">\n\t\t\t\t\t<div class=\"elementor-column elementor-col-50 elementor-top-column elementor-element elementor-element-c2a2e4b\" data-id=\"c2a2e4b\" data-element_type=\"column\" data-e-type=\"column\">\n\t\t\t<div class=\"elementor-widget-wrap elementor-element-populated\">\n\t\t\t\t\t\t<div class=\"elementor-element elementor-element-88b036a elementor-widget elementor-widget-heading\" data-id=\"88b036a\" data-element_type=\"widget\" data-e-type=\"widget\" data-widget_type=\"heading.default\">\n\t\t\t\t<div class=\"elementor-widget-container\">\n\t\t\t\t\t<h2 class=\"elementor-heading-title elementor-size-default\">Spotkanie przez wielkie S<\/h2>\t\t\t\t<\/div>\n\t\t\t\t<\/div>\n\t\t\t\t\t<\/div>\n\t\t<\/div>\n\t\t\t\t<div class=\"elementor-column elementor-col-50 elementor-top-column elementor-element elementor-element-75f72be\" data-id=\"75f72be\" data-element_type=\"column\" data-e-type=\"column\">\n\t\t\t<div class=\"elementor-widget-wrap\">\n\t\t\t\t\t\t\t<\/div>\n\t\t<\/div>\n\t\t\t\t\t<\/div>\n\t\t<\/section>\n\t\t\t\t<section class=\"elementor-section elementor-top-section elementor-element elementor-element-e51cff4 elementor-section-boxed elementor-section-height-default elementor-section-height-default\" data-id=\"e51cff4\" data-element_type=\"section\" data-e-type=\"section\">\n\t\t\t\t\t\t<div class=\"elementor-container elementor-column-gap-default\">\n\t\t\t\t\t<div class=\"elementor-column elementor-col-50 elementor-top-column elementor-element elementor-element-d7eb090\" data-id=\"d7eb090\" data-element_type=\"column\" data-e-type=\"column\">\n\t\t\t<div class=\"elementor-widget-wrap elementor-element-populated\">\n\t\t\t\t\t\t<div class=\"elementor-element elementor-element-955ee20 elementor-widget elementor-widget-text-editor\" data-id=\"955ee20\" data-element_type=\"widget\" data-e-type=\"widget\" data-widget_type=\"text-editor.default\">\n\t\t\t\t<div class=\"elementor-widget-container\">\n\t\t\t\t\t\t\t\t\tS\u0142owo \u201ekongres\u201d brzmi powa\u017cnie i dostojnie \u2013 fakt poddaje pod dyskusj\u0119 wa\u017cne tematy, inicjuje istotne, realne zmiany. Ale de facto jest te\u017c spotkaniem os\u00f3b z otwartymi g\u0142owami, wra\u017cliwych na potrzeby os\u00f3b chorych, a jednocze\u015bnie dynamicznych na tyle, \u017ce cz\u0119sto s\u0105 liderami zamiany w swoich \u015brodowiskach. Bior\u0105c udzia\u0142 w Kongresie w roli s\u0142uchacza, odnosi\u0142o si\u0119 wra\u017cenie, \u017ce w\u015br\u00f3d panelist\u00f3w nie by\u0142o os\u00f3b przypadkowych. Zaanga\u017cowanie czy wr\u0119cz oddanie tematowi upowszechniania wiedzy o zdrowiu psychicznym os\u00f3b wsp\u00f3\u0142tworz\u0105cych to wydarzenie by\u0142o autentyczne. Ich znajomo\u015b\u0107 obecnych warunk\u00f3w, w jakich toczy si\u0119 leczenie os\u00f3b cierpi\u0105cych z powodu chor\u00f3b psychicznych oraz celu, do kt\u00f3rego d\u0105\u017cymy w poprawie systemu opieki psychiatrycznej \u2013 bezdyskusyjna. \t\t\t\t\t\t\t\t<\/div>\n\t\t\t\t<\/div>\n\t\t\t\t\t<\/div>\n\t\t<\/div>\n\t\t\t\t<div class=\"elementor-column elementor-col-50 elementor-top-column elementor-element elementor-element-4661283\" data-id=\"4661283\" data-element_type=\"column\" data-e-type=\"column\">\n\t\t\t<div class=\"elementor-widget-wrap\">\n\t\t\t\t\t\t\t<\/div>\n\t\t<\/div>\n\t\t\t\t\t<\/div>\n\t\t<\/section>\n\t\t\t\t<section class=\"elementor-section elementor-top-section elementor-element elementor-element-4b234bf elementor-section-boxed elementor-section-height-default elementor-section-height-default\" data-id=\"4b234bf\" data-element_type=\"section\" data-e-type=\"section\">\n\t\t\t\t\t\t<div class=\"elementor-container elementor-column-gap-default\">\n\t\t\t\t\t<div class=\"elementor-column elementor-col-50 elementor-top-column elementor-element elementor-element-088cb72\" data-id=\"088cb72\" data-element_type=\"column\" data-e-type=\"column\">\n\t\t\t<div class=\"elementor-widget-wrap elementor-element-populated\">\n\t\t\t\t\t\t<div class=\"elementor-element elementor-element-9116c39 elementor-widget elementor-widget-text-editor\" data-id=\"9116c39\" data-element_type=\"widget\" data-e-type=\"widget\" data-widget_type=\"text-editor.default\">\n\t\t\t\t<div class=\"elementor-widget-container\">\n\t\t\t\t\t\t\t\t\tUdzia\u0142 w Kongresie pozostawia uczestnik\u00f3w z nadziej\u0105, \u017ce dzia\u0142aj\u0105c <strong>razem<\/strong> \u2013 rozszerzaj\u0105c interdyscyplinarn\u0105, spo\u0142eczn\u0105 sie\u0107 wsparcia, koordynuj\u0105c prac\u0119 mi\u0119dzy systemami edukacji, opieki spo\u0142ecznej i zdrowia \u2013 mamy szans\u0119 krok po kroku wsp\u00f3\u0142tworzy\u0107 zintegrowany organizm, reaguj\u0105cy adekwatnie na potrzeby os\u00f3b w kryzysach. Z ca\u0142\u0105 pewno\u015bci\u0105 konieczne jest jego nieustanne ewaluowanie. Jednak poczucie d\u0105\u017cenia do celu, co do kt\u00f3rego jest powszechna zgoda, wzmacnia w wysi\u0142ku stawiania solidnych podp\u00f3r dla powszechnej \u015bwiadomo\u015bci, jak istotn\u0105 rol\u0119 w spo\u0142ecze\u0144stwie stanowi zdrowie psychiczne \u2013 nasze <strong>wsp\u00f3lne dobro<\/strong>.\t\t\t\t\t\t\t\t<\/div>\n\t\t\t\t<\/div>\n\t\t\t\t\t<\/div>\n\t\t<\/div>\n\t\t\t\t<div class=\"elementor-column elementor-col-50 elementor-top-column elementor-element elementor-element-4f5db83\" data-id=\"4f5db83\" data-element_type=\"column\" data-e-type=\"column\">\n\t\t\t<div class=\"elementor-widget-wrap\">\n\t\t\t\t\t\t\t<\/div>\n\t\t<\/div>\n\t\t\t\t\t<\/div>\n\t\t<\/section>\n\t\t\t\t<section class=\"elementor-section elementor-top-section elementor-element elementor-element-9984963 elementor-section-boxed elementor-section-height-default elementor-section-height-default\" data-id=\"9984963\" data-element_type=\"section\" data-e-type=\"section\">\n\t\t\t\t\t\t<div class=\"elementor-container elementor-column-gap-default\">\n\t\t\t\t\t<div class=\"elementor-column elementor-col-50 elementor-top-column elementor-element elementor-element-4b062ef\" data-id=\"4b062ef\" data-element_type=\"column\" data-e-type=\"column\">\n\t\t\t<div class=\"elementor-widget-wrap elementor-element-populated\">\n\t\t\t\t\t\t<div class=\"elementor-element elementor-element-5e62530 elementor-widget elementor-widget-text-editor\" data-id=\"5e62530\" data-element_type=\"widget\" data-e-type=\"widget\" data-widget_type=\"text-editor.default\">\n\t\t\t\t<div class=\"elementor-widget-container\">\n\t\t\t\t\t\t\t\t\tI my do\u0142\u0105czy do tego g\u0142osu wezwaniem <strong>#Zadbaj o mental<\/strong>!\t\t\t\t\t\t\t\t<\/div>\n\t\t\t\t<\/div>\n\t\t\t\t\t<\/div>\n\t\t<\/div>\n\t\t\t\t<div class=\"elementor-column elementor-col-50 elementor-top-column elementor-element elementor-element-dd52ebf\" data-id=\"dd52ebf\" data-element_type=\"column\" data-e-type=\"column\">\n\t\t\t<div class=\"elementor-widget-wrap\">\n\t\t\t\t\t\t\t<\/div>\n\t\t<\/div>\n\t\t\t\t\t<\/div>\n\t\t<\/section>\n\t\t\t\t<section class=\"elementor-section elementor-top-section elementor-element elementor-element-6794de0 elementor-section-boxed elementor-section-height-default elementor-section-height-default\" data-id=\"6794de0\" data-element_type=\"section\" data-e-type=\"section\">\n\t\t\t\t\t\t<div class=\"elementor-container elementor-column-gap-default\">\n\t\t\t\t\t<div class=\"elementor-column elementor-col-50 elementor-top-column elementor-element elementor-element-a9abd59\" data-id=\"a9abd59\" data-element_type=\"column\" data-e-type=\"column\">\n\t\t\t<div class=\"elementor-widget-wrap elementor-element-populated\">\n\t\t\t\t\t\t<div class=\"elementor-element elementor-element-de3a084 elementor-widget elementor-widget-text-editor\" data-id=\"de3a084\" data-element_type=\"widget\" data-e-type=\"widget\" data-widget_type=\"text-editor.default\">\n\t\t\t\t<div class=\"elementor-widget-container\">\n\t\t\t\t\t\t\t\t\t* Rol\u0119 \u017bywych Ksi\u0105\u017cek pe\u0142ni\u0105 osoby spotykaj\u0105ce si\u0119 ze stereotypami, uprzedzeniami, dyskryminacj\u0105 i wykluczeniem i s\u0105 one g\u0142\u00f3wnym komponentem mi\u0119dzynarodowej koncepcji \u017bywej Biblioteki. \u017bywe Ksi\u0105\u017cki pochodz\u0105 z bardzo r\u00f3\u017cnorodnych \u015brodowisk, maj\u0105 zr\u00f3\u017cnicowany status spo\u0142eczny, wyznanie, zaw\u00f3d, odcie\u0144 koloru sk\u00f3ry, to\u017csamo\u015b\u0107 psychoseksualn\u0105, status materialny, wykszta\u0142cenie, sprawno\u015b\u0107, wiek, pogl\u0105dy, wygl\u0105d. \u0141\u0105czy ich wsp\u00f3lny cel: promowanie praw cz\u0142owieka i akceptacji wobec inno\u015bci poprzez przekazanie swojego do\u015bwiadczenia.\t\t\t\t\t\t\t\t<\/div>\n\t\t\t\t<\/div>\n\t\t\t\t\t<\/div>\n\t\t<\/div>\n\t\t\t\t<div class=\"elementor-column elementor-col-50 elementor-top-column elementor-element elementor-element-0c01dca\" data-id=\"0c01dca\" data-element_type=\"column\" data-e-type=\"column\">\n\t\t\t<div class=\"elementor-widget-wrap\">\n\t\t\t\t\t\t\t<\/div>\n\t\t<\/div>\n\t\t\t\t\t<\/div>\n\t\t<\/section>\n\t\t\t\t<section class=\"elementor-section elementor-top-section elementor-element elementor-element-fd5ae8d elementor-section-boxed elementor-section-height-default elementor-section-height-default\" data-id=\"fd5ae8d\" data-element_type=\"section\" data-e-type=\"section\">\n\t\t\t\t\t\t<div class=\"elementor-container elementor-column-gap-default\">\n\t\t\t\t\t<div class=\"elementor-column elementor-col-50 elementor-top-column elementor-element elementor-element-15ed066\" data-id=\"15ed066\" data-element_type=\"column\" data-e-type=\"column\">\n\t\t\t<div class=\"elementor-widget-wrap elementor-element-populated\">\n\t\t\t\t\t\t<div class=\"elementor-element elementor-element-c6f7134 elementor-widget elementor-widget-text-editor\" data-id=\"c6f7134\" data-element_type=\"widget\" data-e-type=\"widget\" data-widget_type=\"text-editor.default\">\n\t\t\t\t<div class=\"elementor-widget-container\">\n\t\t\t\t\t\t\t\t\t** Pozosta\u0142ymi organizatorami byli: <span style=\"color: #00ccff;\"><a style=\"color: #00ccff;\" href=\"https:\/\/stowarzyszenie-rozwoju.eu\" target=\"_blank\" rel=\"noopener\">Stowarzyszenie na Rzecz Rozwoju Psychiatrii i Opieki \u015arodowiskowej<\/a><\/span>, <span style=\"color: #00ccff;\"><a style=\"color: #00ccff;\" href=\"https:\/\/fundacja-leonardo.pl\" target=\"_blank\" rel=\"noopener\">Fundacja Leonardo<\/a><\/span>, <span style=\"color: #00ccff;\"><a style=\"color: #00ccff;\" href=\"https:\/\/lsozp.org\" target=\"_blank\" rel=\"noopener\">Lubelskie Stowarzyszenie Ochrony Zdrowia Psychicznego<\/a><\/span>, przy wsparciu Urz\u0119du Miasta Sto\u0142ecznego Warszawy.\t\t\t\t\t\t\t\t<\/div>\n\t\t\t\t<\/div>\n\t\t\t\t\t<\/div>\n\t\t<\/div>\n\t\t\t\t<div class=\"elementor-column elementor-col-50 elementor-top-column elementor-element elementor-element-e9a5f7f\" data-id=\"e9a5f7f\" data-element_type=\"column\" data-e-type=\"column\">\n\t\t\t<div class=\"elementor-widget-wrap\">\n\t\t\t\t\t\t\t<\/div>\n\t\t<\/div>\n\t\t\t\t\t<\/div>\n\t\t<\/section>\n\t\t\t\t<section class=\"elementor-section elementor-top-section elementor-element elementor-element-45f2e26 elementor-section-boxed elementor-section-height-default elementor-section-height-default\" data-id=\"45f2e26\" data-element_type=\"section\" data-e-type=\"section\">\n\t\t\t\t\t\t<div class=\"elementor-container elementor-column-gap-default\">\n\t\t\t\t\t<div class=\"elementor-column elementor-col-50 elementor-top-column elementor-element elementor-element-5e654fb\" data-id=\"5e654fb\" data-element_type=\"column\" data-e-type=\"column\">\n\t\t\t<div class=\"elementor-widget-wrap elementor-element-populated\">\n\t\t\t\t\t\t<div class=\"elementor-element elementor-element-c8186a7 elementor-widget elementor-widget-text-editor\" data-id=\"c8186a7\" data-element_type=\"widget\" data-e-type=\"widget\" data-widget_type=\"text-editor.default\">\n\t\t\t\t<div class=\"elementor-widget-container\">\n\t\t\t\t\t\t\t\t\t<p>*** Pomijamy tytu\u0142y naukowe w \u015blad za praktyk\u0105 organizator\u00f3w, kt\u00f3rzy stawiaj\u0105 znak r\u00f3wno\u015bci mi\u0119dzy ekspertami a interesariuszami psychiatrii.<\/p>\t\t\t\t\t\t\t\t<\/div>\n\t\t\t\t<\/div>\n\t\t\t\t\t<\/div>\n\t\t<\/div>\n\t\t\t\t<div class=\"elementor-column elementor-col-50 elementor-top-column elementor-element elementor-element-b9d1a07\" data-id=\"b9d1a07\" data-element_type=\"column\" data-e-type=\"column\">\n\t\t\t<div class=\"elementor-widget-wrap\">\n\t\t\t\t\t\t\t<\/div>\n\t\t<\/div>\n\t\t\t\t\t<\/div>\n\t\t<\/section>\n\t\t\t\t<\/div>\n\t\t","protected":false},"excerpt":{"rendered":"<p>Kongres Zdrowia Psychicznego 2024 w Warszawie Razem ku zdrowiu psychicznemu \u2013 wsp\u00f3lny cel, wsp\u00f3lne dobro! T\u0142oczno i g\u0142o\u015bno przywita\u0142a nas Warszawa. Stukotem walizek i widokiem ogrodze\u0144 budowlanych wok\u00f3\u0142 Placu Defilad. W Pa\u0142acu Kultury i Nauki, marmurami i kilkunastometrowym w\u0119\u017cykiem kolejki do rejestracji IV Kongresu Zdrowia Psychicznego. Kiedy mogli\u015bmy ju\u017c zasi\u0105\u015b\u0107 w rz\u0119dach krzese\u0142 przygotowanych na [&hellip;]<\/p>\n","protected":false},"author":4,"featured_media":4123,"comment_status":"closed","ping_status":"closed","sticky":false,"template":"","format":"standard","meta":{"_monsterinsights_skip_tracking":false,"_monsterinsights_sitenote_active":false,"_monsterinsights_sitenote_note":"","_monsterinsights_sitenote_category":0,"_uf_show_specific_survey":0,"_uf_disable_surveys":false,"ocean_post_layout":"","ocean_both_sidebars_style":"","ocean_both_sidebars_content_width":0,"ocean_both_sidebars_sidebars_width":0,"ocean_sidebar":"0","ocean_second_sidebar":"0","ocean_disable_margins":"enable","ocean_add_body_class":"","ocean_shortcode_before_top_bar":"","ocean_shortcode_after_top_bar":"","ocean_shortcode_before_header":"","ocean_shortcode_after_header":"","ocean_has_shortcode":"","ocean_shortcode_after_title":"","ocean_shortcode_before_footer_widgets":"","ocean_shortcode_after_footer_widgets":"","ocean_shortcode_before_footer_bottom":"","ocean_shortcode_after_footer_bottom":"","ocean_display_top_bar":"default","ocean_display_header":"default","ocean_header_style":"","ocean_center_header_left_menu":"0","ocean_custom_header_template":"0","ocean_custom_logo":0,"ocean_custom_retina_logo":0,"ocean_custom_logo_max_width":0,"ocean_custom_logo_tablet_max_width":0,"ocean_custom_logo_mobile_max_width":0,"ocean_custom_logo_max_height":0,"ocean_custom_logo_tablet_max_height":0,"ocean_custom_logo_mobile_max_height":0,"ocean_header_custom_menu":"0","ocean_menu_typo_font_family":"0","ocean_menu_typo_font_subset":"","ocean_menu_typo_font_size":0,"ocean_menu_typo_font_size_tablet":0,"ocean_menu_typo_font_size_mobile":0,"ocean_menu_typo_font_size_unit":"px","ocean_menu_typo_font_weight":"","ocean_menu_typo_font_weight_tablet":"","ocean_menu_typo_font_weight_mobile":"","ocean_menu_typo_transform":"","ocean_menu_typo_transform_tablet":"","ocean_menu_typo_transform_mobile":"","ocean_menu_typo_line_height":0,"ocean_menu_typo_line_height_tablet":0,"ocean_menu_typo_line_height_mobile":0,"ocean_menu_typo_line_height_unit":"","ocean_menu_typo_spacing":0,"ocean_menu_typo_spacing_tablet":0,"ocean_menu_typo_spacing_mobile":0,"ocean_menu_typo_spacing_unit":"","ocean_menu_link_color":"","ocean_menu_link_color_hover":"","ocean_menu_link_color_active":"","ocean_menu_link_background":"","ocean_menu_link_hover_background":"","ocean_menu_link_active_background":"","ocean_menu_social_links_bg":"","ocean_menu_social_hover_links_bg":"","ocean_menu_social_links_color":"","ocean_menu_social_hover_links_color":"","ocean_disable_title":"default","ocean_disable_heading":"default","ocean_post_title":"","ocean_post_subheading":"","ocean_post_title_style":"","ocean_post_title_background_color":"","ocean_post_title_background":0,"ocean_post_title_bg_image_position":"","ocean_post_title_bg_image_attachment":"","ocean_post_title_bg_image_repeat":"","ocean_post_title_bg_image_size":"","ocean_post_title_height":0,"ocean_post_title_bg_overlay":0.5,"ocean_post_title_bg_overlay_color":"","ocean_disable_breadcrumbs":"default","ocean_breadcrumbs_color":"","ocean_breadcrumbs_separator_color":"","ocean_breadcrumbs_links_color":"","ocean_breadcrumbs_links_hover_color":"","ocean_display_footer_widgets":"default","ocean_display_footer_bottom":"default","ocean_custom_footer_template":"0","ocean_post_oembed":"","ocean_post_self_hosted_media":"","ocean_post_video_embed":"","ocean_link_format":"","ocean_link_format_target":"self","ocean_quote_format":"","ocean_quote_format_link":"post","ocean_gallery_link_images":"off","ocean_gallery_id":[],"footnotes":""},"categories":[1],"tags":[],"class_list":["post-4107","post","type-post","status-publish","format-standard","has-post-thumbnail","hentry","category-aktualnosci","entry","has-media"],"aioseo_notices":[],"_links":{"self":[{"href":"https:\/\/centrumsamopomocy.pl\/index.php?rest_route=\/wp\/v2\/posts\/4107","targetHints":{"allow":["GET"]}}],"collection":[{"href":"https:\/\/centrumsamopomocy.pl\/index.php?rest_route=\/wp\/v2\/posts"}],"about":[{"href":"https:\/\/centrumsamopomocy.pl\/index.php?rest_route=\/wp\/v2\/types\/post"}],"author":[{"embeddable":true,"href":"https:\/\/centrumsamopomocy.pl\/index.php?rest_route=\/wp\/v2\/users\/4"}],"replies":[{"embeddable":true,"href":"https:\/\/centrumsamopomocy.pl\/index.php?rest_route=%2Fwp%2Fv2%2Fcomments&post=4107"}],"version-history":[{"count":11,"href":"https:\/\/centrumsamopomocy.pl\/index.php?rest_route=\/wp\/v2\/posts\/4107\/revisions"}],"predecessor-version":[{"id":4139,"href":"https:\/\/centrumsamopomocy.pl\/index.php?rest_route=\/wp\/v2\/posts\/4107\/revisions\/4139"}],"wp:featuredmedia":[{"embeddable":true,"href":"https:\/\/centrumsamopomocy.pl\/index.php?rest_route=\/wp\/v2\/media\/4123"}],"wp:attachment":[{"href":"https:\/\/centrumsamopomocy.pl\/index.php?rest_route=%2Fwp%2Fv2%2Fmedia&parent=4107"}],"wp:term":[{"taxonomy":"category","embeddable":true,"href":"https:\/\/centrumsamopomocy.pl\/index.php?rest_route=%2Fwp%2Fv2%2Fcategories&post=4107"},{"taxonomy":"post_tag","embeddable":true,"href":"https:\/\/centrumsamopomocy.pl\/index.php?rest_route=%2Fwp%2Fv2%2Ftags&post=4107"}],"curies":[{"name":"wp","href":"https:\/\/api.w.org\/{rel}","templated":true}]}}